{"id":24456,"date":"2019-03-27T17:22:44","date_gmt":"2019-03-27T21:22:44","guid":{"rendered":"https:\/\/linitiative.ca\/International\/echeances-electorales-de-2020-lupc-et-le-fpr-pour-un-vrai-changement\/"},"modified":"2019-03-27T17:22:44","modified_gmt":"2019-03-27T21:22:44","slug":"echeances-electorales-de-2020-lupc-et-le-fpr-pour-un-vrai-changement","status":"publish","type":"post","link":"https:\/\/linitiative.ca\/International\/echeances-electorales-de-2020-lupc-et-le-fpr-pour-un-vrai-changement\/","title":{"rendered":"Ech\u00e9ances \u00e9lectorales de 2020  : l\u2019UPC et le FPR  pour un vrai changement"},"content":{"rendered":"<div class=\"td-post-featured-image\"><a href=\"https:\/\/i0.wp.com\/www.sidwaya.info\/wp-content\/uploads\/2019\/03\/1-57.jpg?fit=612%2C405&#038;ssl=1\" data-caption=\"\"><img loading=\"lazy\" decoding=\"async\" width=\"612\" height=\"405\" class=\"entry-thumb td-modal-image\" src=\"https:\/\/i0.wp.com\/www.sidwaya.info\/wp-content\/uploads\/2019\/03\/1-57.jpg?resize=612%2C405&#038;ssl=1\" srcset=\"https:\/\/i0.wp.com\/www.sidwaya.info\/wp-content\/uploads\/2019\/03\/1-57.jpg?w=612&#038;ssl=1 612w, https:\/\/i0.wp.com\/www.sidwaya.info\/wp-content\/uploads\/2019\/03\/1-57.jpg?resize=300%2C199&#038;ssl=1 300w\" sizes=\"auto, (max-width: 612px) 100vw, 612px\" alt=\"\" title=\"1\"\/><\/a><\/div>\n<div class=\"td-a-rec td-a-rec-id-content_top td_uid_30_5c9beea3bf14e_rand td_block_template_1\"><img loading=\"lazy\" decoding=\"async\" class=\"aligncenter size-full wp-image-4463\" src=\"https:\/\/www.sidwaya.info\/wp-content\/uploads\/2019\/02\/FESPACO-TOUR-2019-Bannie%CC%80re-728x90-1.jpg\" alt=\"\" width=\"728\" height=\"90\"\/><\/div>\n<p>Une \u00e9quipe de l\u2019Union pour le changement et le progr\u00e8s (UPC) a rendu visite au Front patriotique pour le renouveau (FPR), le mercredi 27 mars 2019 \u00e0 Ouagadougou.<\/p>\n<p>L\u2019Union pour le changement et le progr\u00e8s (UPC) et le Front patriotique pour le renouveau (FPR), veulent raffermir leurs relations. Les deux formations politiques l\u2019ont fait savoir \u00e0 l\u2019issue d\u2019une rencontre effectu\u00e9e par l\u2019UPC, le mercredi 27 mars 2019 au si\u00e8ge du FPR dans la capitale burkinab\u00e8. A la t\u00eate d\u2019une d\u00e9l\u00e9gation, le pr\u00e9sident de l\u2019UPC, Z\u00e9phirin Diabr\u00e9, a indiqu\u00e9 que cette visite est un retour de courtoisie. \u00abIl y a de cela quelques semaines, le FPR \u00e9tait au si\u00e8ge de l\u2019UPC. Il \u00e9tait appropri\u00e9 \u00e0 notre tour de venir le remercier et lui t\u00e9moigner notre sympathie en tant que parti politique au sein de l\u2019opposition qui se bat pour l\u2019alternance et le vrai changement dans ce pays\u00bb, a-t-il relev\u00e9. Le pr\u00e9sident du \u00abparti du lion\u00bb s\u2019est dit satisfait du travail du FPR.<\/p>\n<p>A l\u2019entendre, sous la conduite de son pr\u00e9sident, Aristide Ou\u00e9draogo, \u00able jeune parti\u00bb (cr\u00e9\u00e9 il y a un an), a r\u00e9ussi \u00e0 prendre ses marques dans l\u2019ar\u00e8ne politique par ses prises de position et des actes qu\u2019il pose sur le terrain. D\u2019o\u00f9 cette d\u00e9marche aupr\u00e8s du FPR. \u00abNous voulons envoyer, a poursuivi Z\u00e9phirin Diabr\u00e9, un signal fort sur notre volont\u00e9 de continuer \u00e0 renforcer la relation qui existe entre nous et qui va au-del\u00e0 de notre simple appartenance commune \u00e0 la famille de l\u2019opposition\u00bb.<\/p>\n<p>Cette d\u00e9marche semble \u00eatre bien appr\u00e9ci\u00e9e par le parti-h\u00f4te. \u00abCet entretien vient renforcer les liens entre nos deux formations politiques\u00bb, a reconnu le pr\u00e9sident du FPR. Formeront-elles donc une coalition en vue des prochaines \u00e9lections ? A cette question d\u2019un journaliste, M. Ou\u00e9draogo a soutenu qu\u2019il est encore trop t\u00f4t pour parler de coalition. \u00abLorsque nous serons aux portes de 2020, nous ferons savoir les strat\u00e9gies qui seront d\u00e9velopp\u00e9es. Pour l\u2019heure, nous sommes<br \/>en train de les peaufiner\u00bb, a-t-il expliqu\u00e9.<\/p>\n<p class=\"c1\"><strong>Abdoulaye BALBONE<\/strong><\/p>\n<div class=\"td-a-rec td-a-rec-id-content_bottom td_uid_31_5c9beea3bf3cc_rand td_block_template_1\"><img loading=\"lazy\" decoding=\"async\" class=\"alignright size-full wp-image-1724\" src=\"https:\/\/www.sidwaya.info\/wp-content\/uploads\/2018\/12\/sidwaya-pub.jpg\" alt=\"\" width=\"720\" height=\"90\"\/><\/div>\n<p>Auteur: DD. Sidwaya<br \/>\n<a href=\"https:\/\/www.sidwaya.info\/blog\/2019\/03\/27\/echeances-electorales-de-2020-lupc-et-le-fpr-pour-un-vrai-changement\/\">Cliquez ici pour lire l&rsquo;article depuis sa source.<\/a><\/p>\n","protected":false},"excerpt":{"rendered":"<p>Une \u00e9quipe de l\u2019Union pour le changement et le progr\u00e8s (UPC) a rendu visite au Front patriotique pour le renouveau (FPR), le mercredi 27 mars 2019 \u00e0 Ouagadougou. L\u2019Union pour le changement et le progr\u00e8s (UPC) et le Front patriotique pour le renouveau (FPR), veulent raffermir leurs relations. Les deux formations politiques l\u2019ont fait savoir [&hellip;]<\/p>\n","protected":false},"author":1816,"featured_media":0,"comment_status":"closed","ping_status":"closed","sticky":false,"template":"","format":"standard","meta":{"fifu_image_url":"","fifu_image_alt":"","footnotes":""},"categories":[73,81],"tags":[],"class_list":["post-24456","post","type-post","status-publish","format-standard","hentry","category-actualite","category-burkina-faso"],"_links":{"self":[{"href":"https:\/\/linitiative.ca\/International\/wp-json\/wp\/v2\/posts\/24456","targetHints":{"allow":["GET"]}}],"collection":[{"href":"https:\/\/linitiative.ca\/International\/wp-json\/wp\/v2\/posts"}],"about":[{"href":"https:\/\/linitiative.ca\/International\/wp-json\/wp\/v2\/types\/post"}],"author":[{"embeddable":true,"href":"https:\/\/linitiative.ca\/International\/wp-json\/wp\/v2\/users\/1816"}],"replies":[{"embeddable":true,"href":"https:\/\/linitiative.ca\/International\/wp-json\/wp\/v2\/comments?post=24456"}],"version-history":[{"count":0,"href":"https:\/\/linitiative.ca\/International\/wp-json\/wp\/v2\/posts\/24456\/revisions"}],"wp:attachment":[{"href":"https:\/\/linitiative.ca\/International\/wp-json\/wp\/v2\/media?parent=24456"}],"wp:term":[{"taxonomy":"category","embeddable":true,"href":"https:\/\/linitiative.ca\/International\/wp-json\/wp\/v2\/categories?post=24456"},{"taxonomy":"post_tag","embeddable":true,"href":"https:\/\/linitiative.ca\/International\/wp-json\/wp\/v2\/tags?post=24456"}],"curies":[{"name":"wp","href":"https:\/\/api.w.org\/{rel}","templated":true}]}}