{"id":24461,"date":"2019-03-27T12:50:02","date_gmt":"2019-03-27T16:50:02","guid":{"rendered":"https:\/\/linitiative.ca\/International\/les-venezueliens-entre-rage-et-desespoir-face-a-la-mega-panne-de-courant\/"},"modified":"2019-03-27T12:50:02","modified_gmt":"2019-03-27T16:50:02","slug":"les-venezueliens-entre-rage-et-desespoir-face-a-la-mega-panne-de-courant","status":"publish","type":"post","link":"https:\/\/linitiative.ca\/International\/les-venezueliens-entre-rage-et-desespoir-face-a-la-mega-panne-de-courant\/","title":{"rendered":"Les V\u00e9n\u00e9zu\u00e9liens entre rage et d\u00e9sespoir face \u00e0 la m\u00e9ga-panne de courant"},"content":{"rendered":"<div readability=\"32\">\n<p>Publi\u00e9 le 27.03.2019 \u00e0 17h50 par AFP<\/p>\n<\/div>\n<div readability=\"143\">\n<p>Les V\u00e9n\u00e9zu\u00e9liens oscillent entre abattement et col\u00e8re mercredi matin face \u00e0 la nouvelle m\u00e9ga-panne de courant qui paralyse leur pays depuis lundi.<\/p>\n<p>\u00ab\u00a0La marchandise est en train de pourrir, il n\u2019y a pas d\u2019eau, les transports ne fonctionnent quasiment pas, il n\u2019y a pas de moyens de communications, je ne sais pas comment va ma famille, l\u2019ins\u00e9curit\u00e9 grandit\u00a0\u00bb, fulmine Nestor Carre\u00f1o, contraint de baisser le rideau de sa pizzeria dans un quartier cossu de Caracas.<\/p>\n<p>Des concerts de casseroles et de klaxons ont r\u00e9sonn\u00e9 dans la nuit de mardi \u00e0 mercredi \u00e0 travers de la m\u00e9galopole plong\u00e9e dans le noir. Dans de nombreux quartiers de la capitale, le courant allait et venait depuis des jours.<\/p>\n<p>Alors que ce pays aux r\u00e9serves p\u00e9troli\u00e8res les plus importantes de la plan\u00e8te se remettait \u00e0 peine de la premi\u00e8re m\u00e9ga-panne du 7 au 14 mars, il se retrouve \u00e0 nouveau \u00e0 l\u2019arr\u00eat depuis lundi apr\u00e8s-midi. Ce qui a contraint le gouvernement \u00e0 prolonger jusqu\u2019\u00e0 mercredi soir la fermeture des \u00e9tablissements \u00e9ducatifs et des administrations.<\/p>\n<p>Les \u00e9coles et les amphith\u00e9\u00e2tres des universit\u00e9s sont d\u00e9serts, le m\u00e9tro ferm\u00e9 et les quelques bus qui circulent bond\u00e9s, a constat\u00e9 l\u2019AFP.<\/p>\n<p>La coupure g\u00e9ante touche 21 des 23 Etats du pays, selon des utilisateurs des r\u00e9seaux sociaux faisant \u00e9tat de leur situation \u00e0 travers le pays. En revanche, le gouvernement socialiste de Nicolas Maduro ne communique pas sur l\u2019ampleur de la panne.<\/p>\n<p>Pr\u00e9voyants, les habitants font des r\u00e9serves de nourriture et d\u2019eau.<\/p>\n<p>\u2013 \u00ab\u00a0Les gens angoissent\u00a0\u00bb \u2013<\/p>\n<p>\u00ab\u00a0On ne sait pas combien de temps va durer cette situation, \u00e9videmment. Au fur et \u00e0 mesure que \u00e7a se prolonge, les choses se compliquent pour effectuer des paiements \u00e9lectroniques, il y a peu d\u2019\u00e9tablissements dot\u00e9s d\u2019un g\u00e9n\u00e9rateur et les gens angoissent de plus en plus\u00a0\u00bb, t\u00e9moigne Lucia Antiqueira, une employ\u00e9e, \u00e0 la sortie d\u2019un magasin de fruits et l\u00e9gumes.<\/p>\n<p>Les experts \u00e9valuent les pertes pour l\u2019\u00e9conomie v\u00e9n\u00e9zu\u00e9lienne \u00e0 200 millions de dollars par jour.<\/p>\n<p>Comme lors de la panne pr\u00e9c\u00e9dente, les cons\u00e9quences sont dramatiques dans les h\u00f4pitaux.<\/p>\n<p><ins data-revive-zoneid=\"9\" data-revive-id=\"10111e19d28d19d031742ee3b0b33eb0\"\/> <\/p>\n<p>Dans l\u2019h\u00f4pital pour enfants du quartier populaire de Petare, \u00e0 Caracas, Junior V\u00e9liz pleure la perte de son b\u00e9b\u00e9 : \u00ab\u00a0Il \u00e9tait en soins intensifs et il est mort car il n\u2019y avait pas de chauffage au moment o\u00f9 l\u2019\u00e9lectricit\u00e9 a \u00e9t\u00e9 coup\u00e9e. Il est mort d\u2019un arr\u00eat cardiaque \u00e0 cause de la panne (\u2026) l\u2019h\u00f4pital n\u2019avait pas de g\u00e9n\u00e9rateur\u00a0\u00bb, explique-t-il \u00e0 l\u2019AFP, qui n\u2019a pas \u00e9t\u00e9 en mesure de confirmer cette version avec la direction de l\u2019h\u00f4pital.<\/p>\n<p>Les pannes d\u2019\u00e9lectricit\u00e9 sont fr\u00e9quentes ces derni\u00e8res ann\u00e9es dans le pays, jadis le plus prosp\u00e8re d\u2019Am\u00e9rique du Sud. Le gouvernement les met syst\u00e9matiquement sur le compte de sabotages orchestr\u00e9s par l\u2019opposition ou d\u2019attaques ext\u00e9rieures.<\/p>\n<p>Nicolas Maduro a d\u00e9nonc\u00e9 mardi sur Twitter un \u00ab\u00a0incendie de grande envergure\u00a0\u00bb visant la centrale de Guri (sud), qui fournit environ 80% de l\u2019\u00e9lectricit\u00e9 du Venezuela (30 millions d\u2019habitants), et provoqu\u00e9 selon lui par des \u00ab\u00a0terroristes\u00a0\u00bb afin de \u00ab\u00a0d\u00e9stabiliser\u00a0\u00bb son gouvernement.<\/p>\n<p>\u2013 Climat \u00e9lectrique \u2013<\/p>\n<p>Une version rejet\u00e9e par Juan Guaido, reconnu pr\u00e9sident par int\u00e9rim par une cinquantaine de pays dont les Etats-Unis: \u00ab\u00a0Il n\u2019y a aucune explication sens\u00e9e, cr\u00e9dible (\u2026) ce n\u2019est plus une cyber-attaque ou une impulsion \u00e9lectromagn\u00e9tique, \u00e0 pr\u00e9sent c\u2019est un sabotage, alors que l\u2019arm\u00e9e garde chacune des installations \u00e9lectriques\u00a0\u00bb, a-t-il lanc\u00e9 \u00e0 la tribune de l\u2019Assembl\u00e9e nationale, seule institution contr\u00f4l\u00e9e par l\u2019opposition.<\/p>\n<p>Outre ce manque de courant, la pr\u00e9sence de troupes russes sur le sol v\u00e9n\u00e9zu\u00e9lien \u00e9lectrise le climat politique. \u00ab\u00a0Il semble que (le gouvernement de Maduro) n\u2019ait pas confiance en ses propres militaires, car il les fait venir de l\u2019\u00e9tranger (\u2026) Ils violent \u00e0 nouveau la Constitution\u00a0\u00bb, s\u2019est \u00e9lev\u00e9 Juan Guaido.<\/p>\n<p>Selon la loi, le Parlement a son mot \u00e0 dire pour toute mission militaire \u00e9trang\u00e8re sur le sol v\u00e9n\u00e9zu\u00e9lien.<\/p>\n<p>Deux avions russes transportant une centaine de militaires et 35 tonnes de mat\u00e9riel sont arriv\u00e9s \u00e0 Caracas, avait annonc\u00e9 dimanche l\u2019agence russe Sputnik. Cela avait donn\u00e9 lieu \u00e0 une passe d\u2019armes lundi entre Washington et Moscou.<\/p>\n<p>La Russie a expliqu\u00e9 que cette \u00ab\u00a0coop\u00e9ration militaire\u00a0\u00bb avait lieu \u00ab\u00a0en accord avec la Constitution de ce pays et dans le cadre de la loi\u00a0\u00bb.<\/p>\n<\/div>\n<p>Auteur: AFP<br \/>\n<a href=\"https:\/\/www.journalducameroun.com\/fr\/les-venezueliens-entre-rage-et-desespoir-face-a-la-mega-panne-de-courant\/\">Cliquez ici pour lire l&rsquo;article depuis sa source.<\/a><\/p>\n","protected":false},"excerpt":{"rendered":"<p>Publi\u00e9 le 27.03.2019 \u00e0 17h50 par AFP Les V\u00e9n\u00e9zu\u00e9liens oscillent entre abattement et col\u00e8re mercredi matin face \u00e0 la nouvelle m\u00e9ga-panne de courant qui paralyse leur pays depuis lundi. \u00ab\u00a0La marchandise est en train de pourrir, il n\u2019y a pas d\u2019eau, les transports ne fonctionnent quasiment pas, il n\u2019y a pas de moyens de communications, [&hellip;]<\/p>\n","protected":false},"author":1965,"featured_media":0,"comment_status":"closed","ping_status":"closed","sticky":false,"template":"","format":"standard","meta":{"fifu_image_url":"","fifu_image_alt":"","footnotes":""},"categories":[73,82],"tags":[],"class_list":["post-24461","post","type-post","status-publish","format-standard","hentry","category-actualite","category-cameroun"],"_links":{"self":[{"href":"https:\/\/linitiative.ca\/International\/wp-json\/wp\/v2\/posts\/24461","targetHints":{"allow":["GET"]}}],"collection":[{"href":"https:\/\/linitiative.ca\/International\/wp-json\/wp\/v2\/posts"}],"about":[{"href":"https:\/\/linitiative.ca\/International\/wp-json\/wp\/v2\/types\/post"}],"author":[{"embeddable":true,"href":"https:\/\/linitiative.ca\/International\/wp-json\/wp\/v2\/users\/1965"}],"replies":[{"embeddable":true,"href":"https:\/\/linitiative.ca\/International\/wp-json\/wp\/v2\/comments?post=24461"}],"version-history":[{"count":0,"href":"https:\/\/linitiative.ca\/International\/wp-json\/wp\/v2\/posts\/24461\/revisions"}],"wp:attachment":[{"href":"https:\/\/linitiative.ca\/International\/wp-json\/wp\/v2\/media?parent=24461"}],"wp:term":[{"taxonomy":"category","embeddable":true,"href":"https:\/\/linitiative.ca\/International\/wp-json\/wp\/v2\/categories?post=24461"},{"taxonomy":"post_tag","embeddable":true,"href":"https:\/\/linitiative.ca\/International\/wp-json\/wp\/v2\/tags?post=24461"}],"curies":[{"name":"wp","href":"https:\/\/api.w.org\/{rel}","templated":true}]}}