{"id":24462,"date":"2019-03-27T12:50:04","date_gmt":"2019-03-27T16:50:04","guid":{"rendered":"https:\/\/linitiative.ca\/International\/affaire-selmayr-le-parlement-reclame-sa-demission-la-commission-indifferente\/"},"modified":"2019-03-27T12:50:04","modified_gmt":"2019-03-27T16:50:04","slug":"affaire-selmayr-le-parlement-reclame-sa-demission-la-commission-indifferente","status":"publish","type":"post","link":"https:\/\/linitiative.ca\/International\/affaire-selmayr-le-parlement-reclame-sa-demission-la-commission-indifferente\/","title":{"rendered":"Affaire Selmayr: le Parlement r\u00e9clame sa d\u00e9mission, la Commission indiff\u00e9rente"},"content":{"rendered":"<div readability=\"32\">\n<p>Publi\u00e9 le 27.03.2019 \u00e0 17h50 par AFP<\/p>\n<\/div>\n<div readability=\"86\">\n<p>La Commission europ\u00e9enne est rest\u00e9e indiff\u00e9rente mercredi \u00e0 l\u2019appel \u00e0 la \u00ab\u00a0d\u00e9mission\u00a0\u00bb lanc\u00e9 la veille par les eurod\u00e9put\u00e9s contre Martin Selmayr, bras droit de Jean-Claude Juncker, nomm\u00e9 dans des conditions controvers\u00e9es au sommet de l\u2019administration europ\u00e9enne.<\/p>\n<p>Dans un amendement approuv\u00e9 \u00e0 une large majorit\u00e9, les eurod\u00e9put\u00e9s ont r\u00e9clam\u00e9 la \u00ab\u00a0d\u00e9mission imm\u00e9diate\u00a0\u00bb de M.Selmayr de son poste de secr\u00e9taire g\u00e9n\u00e9ral de la Commission et r\u00e9clam\u00e9 \u00ab\u00a0l\u2019ouverture d\u2019un concours \u00e9quitable, totalement transparent et ouvert pour ce poste\u00a0\u00bb.<\/p>\n<p>En r\u00e9action, la Commission s\u2019est born\u00e9e mercredi \u00e0 rappeler sa position sur ce dossier. \u00ab\u00a0La nomination du secr\u00e9taire g\u00e9n\u00e9ral a \u00e9t\u00e9 faite en plein respect de toutes les r\u00e8gles pertinentes, et le pr\u00e9sident, ainsi que le coll\u00e8ge, ont pleine confiance en lui\u00a0\u00bb, a expliqu\u00e9 l\u2019ex\u00e9cutif europ\u00e9en.<\/p>\n<p>\u00ab\u00a0Il a l\u2019exp\u00e9rience ainsi que les qualifications n\u00e9cessaires pour accomplir ses t\u00e2ches de tr\u00e8s haute responsabilit\u00e9\u00a0\u00bb, a-t-il ajout\u00e9.<\/p>\n<p>MM. Juncker et Selmayr appartiennent tous deux \u00e0 la famille politique du PPE (droite), majoritaire au Parlement et dont une partie s\u2019est donc prononc\u00e9e en faveur de cet amendement. La Commission reste cependant libre de l\u2019ignorer.<\/p>\n<p>Les eurod\u00e9put\u00e9s avaient d\u00e9j\u00e0 appel\u00e9 l\u2019ex\u00e9cutif europ\u00e9en en avril 2018 \u00e0 \u00ab\u00a0r\u00e9\u00e9valuer\u00a0\u00bb la promotion du fonctionnaire allemand, compar\u00e9e \u00e0 un \u00ab\u00a0coup de force\u00a0\u00bb. Mais ils n\u2019\u00e9taient alors pas all\u00e9s jusqu\u2019\u00e0 demander sa d\u00e9mission.<\/p>\n<p><ins data-revive-zoneid=\"9\" data-revive-id=\"10111e19d28d19d031742ee3b0b33eb0\"\/> <\/p>\n<p>La nomination de l\u2019ancien chef de cabinet de M. Juncker \u00e0 la t\u00eate de l\u2019administration europ\u00e9enne fait l\u2019objet de nombreuses critiques, y compris de la part de la m\u00e9diatrice de l\u2019UE, qui a enqu\u00eat\u00e9 sur le dossier.<\/p>\n<p>L\u2019Allemand avait \u00e9t\u00e9 promu le 21 f\u00e9vrier 2018 au poste de secr\u00e9taire g\u00e9n\u00e9ral, poste le plus \u00e9lev\u00e9 de l\u2019administration de la Commission, qui n\u2019avait fait l\u2019objet d\u2019aucun affichage.<\/p>\n<p>Cette nomination \u00e9tait intervenue lors d\u2019un coll\u00e8ge de commissaires quelques secondes seulement apr\u00e8s sa d\u00e9signation \u00e0 la fonction de secr\u00e9taire g\u00e9n\u00e9ral adjoint, un poste affich\u00e9 auquel il avait postul\u00e9.<\/p>\n<p>Le \u00ab\u00a0transfert\u00a0\u00bb de poste propos\u00e9 par M. Juncker avait surpris la plupart des commissaires europ\u00e9ens pr\u00e9sents lors de la r\u00e9union, mais il avait \u00e9t\u00e9 ent\u00e9rin\u00e9 sans protestations.<\/p>\n<\/div>\n<p>Auteur: AFP<br \/>\n<a href=\"https:\/\/www.journalducameroun.com\/fr\/affaire-selmayr-le-parlement-reclame-sa-demission-la-commission-indifferente\/\">Cliquez ici pour lire l&rsquo;article depuis sa source.<\/a><\/p>\n","protected":false},"excerpt":{"rendered":"<p>Publi\u00e9 le 27.03.2019 \u00e0 17h50 par AFP La Commission europ\u00e9enne est rest\u00e9e indiff\u00e9rente mercredi \u00e0 l\u2019appel \u00e0 la \u00ab\u00a0d\u00e9mission\u00a0\u00bb lanc\u00e9 la veille par les eurod\u00e9put\u00e9s contre Martin Selmayr, bras droit de Jean-Claude Juncker, nomm\u00e9 dans des conditions controvers\u00e9es au sommet de l\u2019administration europ\u00e9enne. Dans un amendement approuv\u00e9 \u00e0 une large majorit\u00e9, les eurod\u00e9put\u00e9s ont r\u00e9clam\u00e9 [&hellip;]<\/p>\n","protected":false},"author":1965,"featured_media":0,"comment_status":"closed","ping_status":"closed","sticky":false,"template":"","format":"standard","meta":{"fifu_image_url":"","fifu_image_alt":"","footnotes":""},"categories":[73,82],"tags":[],"class_list":["post-24462","post","type-post","status-publish","format-standard","hentry","category-actualite","category-cameroun"],"_links":{"self":[{"href":"https:\/\/linitiative.ca\/International\/wp-json\/wp\/v2\/posts\/24462","targetHints":{"allow":["GET"]}}],"collection":[{"href":"https:\/\/linitiative.ca\/International\/wp-json\/wp\/v2\/posts"}],"about":[{"href":"https:\/\/linitiative.ca\/International\/wp-json\/wp\/v2\/types\/post"}],"author":[{"embeddable":true,"href":"https:\/\/linitiative.ca\/International\/wp-json\/wp\/v2\/users\/1965"}],"replies":[{"embeddable":true,"href":"https:\/\/linitiative.ca\/International\/wp-json\/wp\/v2\/comments?post=24462"}],"version-history":[{"count":0,"href":"https:\/\/linitiative.ca\/International\/wp-json\/wp\/v2\/posts\/24462\/revisions"}],"wp:attachment":[{"href":"https:\/\/linitiative.ca\/International\/wp-json\/wp\/v2\/media?parent=24462"}],"wp:term":[{"taxonomy":"category","embeddable":true,"href":"https:\/\/linitiative.ca\/International\/wp-json\/wp\/v2\/categories?post=24462"},{"taxonomy":"post_tag","embeddable":true,"href":"https:\/\/linitiative.ca\/International\/wp-json\/wp\/v2\/tags?post=24462"}],"curies":[{"name":"wp","href":"https:\/\/api.w.org\/{rel}","templated":true}]}}