{"id":24463,"date":"2019-03-27T12:50:05","date_gmt":"2019-03-27T16:50:05","guid":{"rendered":"https:\/\/linitiative.ca\/International\/algerie-le-general-gaid-salah-personnage-cle-du-pouvoir\/"},"modified":"2019-03-27T12:50:05","modified_gmt":"2019-03-27T16:50:05","slug":"algerie-le-general-gaid-salah-personnage-cle-du-pouvoir","status":"publish","type":"post","link":"https:\/\/linitiative.ca\/International\/algerie-le-general-gaid-salah-personnage-cle-du-pouvoir\/","title":{"rendered":"Alg\u00e9rie: le g\u00e9n\u00e9ral Ga\u00efd Salah, personnage cl\u00e9 du pouvoir"},"content":{"rendered":"<div readability=\"32\">\n<p>Publi\u00e9 le 27.03.2019 \u00e0 17h50 par AFP<\/p>\n<\/div>\n<div readability=\"98\">\n<p>Le g\u00e9n\u00e9ral alg\u00e9rien Ahmed Ga\u00efd Salah, 79 ans, qui a propos\u00e9 mardi le d\u00e9part du pouvoir d\u2019Abdelaziz Bouteflika, \u00e9tait jusqu\u2019ici un fid\u00e8le soutien du pr\u00e9sident qui en avait fait le chef d\u2019\u00e9tat-major de l\u2019arm\u00e9e et l\u2019un des hommes les plus puissants du pays.<\/p>\n<p>N\u00e9 en 1940 dans la r\u00e9gion de Batna (300 km au sud-est d\u2019Alger), il rejoint \u00e0 17 ans les rangs de l\u2019Arm\u00e9e de lib\u00e9ration nationale (ALN) qui combat depuis trois ans l\u2019arm\u00e9e coloniale fran\u00e7aise.<\/p>\n<p>A l\u2019ind\u00e9pendance de l\u2019Alg\u00e9rie en 1962, il int\u00e8gre les rangs de l\u2019arm\u00e9e, passe par une acad\u00e9mie militaire sovi\u00e9tique et gravit les \u00e9chelons.<\/p>\n<p>Il commande successivement plusieurs r\u00e9gions militaires, avant d\u2019\u00eatre nomm\u00e9 en 1994 chef d\u2019\u00e9tat-major des Forces terrestres, en pleine guerre civile (1992-2002) entre l\u2019arm\u00e9e alg\u00e9rienne et une gu\u00e9rilla islamiste.<\/p>\n<p>En 2004, tout juste r\u00e9\u00e9lu, le pr\u00e9sident Bouteflika choisit ce g\u00e9n\u00e9ral replet que sa hi\u00e9rarchie veut envoyer \u00e0 la retraite pour remplacer le chef d\u2019\u00e9tat-major, le g\u00e9n\u00e9ral Mohamed Lamari, qui paie avec une partie du haut commandement militaire le fait de s\u2019\u00eatre oppos\u00e9 \u00e0 un 2e mandat du chef de l\u2019Etat.<\/p>\n<p>D\u00e9sormais redevable, le g\u00e9n\u00e9ral Ga\u00efd Salah devient un fid\u00e8le soutien de M. Bouteflika qui lui donne les moyens de moderniser l\u2019arm\u00e9e.<\/p>\n<p><ins data-revive-zoneid=\"9\" data-revive-id=\"10111e19d28d19d031742ee3b0b33eb0\"\/> <\/p>\n<p>De retour de Paris en juillet 2013, o\u00f9 il a pass\u00e9 80 jours hospitalis\u00e9 en raison d\u2019un AVC qui l\u2019a consid\u00e9rablement affaibli, M. Bouteflika \u2013 ministre de la D\u00e9fense en titre et chef supr\u00eame des Arm\u00e9es selon la Constitution \u2013 fait \u00e9galement du chef d\u2019\u00e9tat-major son vice-ministre de la D\u00e9fense.<\/p>\n<p>Un titre minist\u00e9riel acquis, affirment certains observateurs, en \u00e9change de son soutien \u2013 contre une partie de l\u2019appareil s\u00e9curitaire qui s\u2019y oppose \u2013 au 4e mandat que brigue le pr\u00e9sident en 2014, un an apr\u00e8s son AVC.<\/p>\n<p>Le g\u00e9n\u00e9ral Gaid Salah soutient \u00e9galement M. Bouteflika quand il s\u2019attaque au D\u00e9partement du renseignement et de la s\u00e9curit\u00e9 (DRS), puissant service de renseignement d\u00e9pendant de l\u2019arm\u00e9e, et \u00e0 son non moins puissant chef, le g\u00e9n\u00e9ral Mohamed M\u00e9di\u00e8ne dit \u00ab\u00a0Toufik\u00a0\u00bb, finalement mis \u00e0 la retraite en 2015.<\/p>\n<p>Ces derniers mois, il a de nouveau publiquement soutenu la candidature de M. Bouteflika \u00e0 un 5e mandat, puis ses propositions de sortie de la crise d\u00e9clench\u00e9e par la contestation in\u00e9dite que cette candidature a suscit\u00e9e.<\/p>\n<p>Mais son soutien au chef de l\u2019Etat se faisait r\u00e9cemment de plus en plus mesur\u00e9. Jusqu\u2019\u00e0 sa suggestion mardi de l\u2019\u00e9carter du pouvoir pour sortir de la crise.<\/p>\n<\/div>\n<p>Auteur: AFP<br \/>\n<a href=\"https:\/\/www.journalducameroun.com\/fr\/algerie-le-general-gaid-salah-personnage-cle-du-pouvoir\/\">Cliquez ici pour lire l&rsquo;article depuis sa source.<\/a><\/p>\n","protected":false},"excerpt":{"rendered":"<p>Publi\u00e9 le 27.03.2019 \u00e0 17h50 par AFP Le g\u00e9n\u00e9ral alg\u00e9rien Ahmed Ga\u00efd Salah, 79 ans, qui a propos\u00e9 mardi le d\u00e9part du pouvoir d\u2019Abdelaziz Bouteflika, \u00e9tait jusqu\u2019ici un fid\u00e8le soutien du pr\u00e9sident qui en avait fait le chef d\u2019\u00e9tat-major de l\u2019arm\u00e9e et l\u2019un des hommes les plus puissants du pays. N\u00e9 en 1940 dans la [&hellip;]<\/p>\n","protected":false},"author":1965,"featured_media":0,"comment_status":"closed","ping_status":"closed","sticky":false,"template":"","format":"standard","meta":{"fifu_image_url":"","fifu_image_alt":"","footnotes":""},"categories":[73,82],"tags":[],"class_list":["post-24463","post","type-post","status-publish","format-standard","hentry","category-actualite","category-cameroun"],"_links":{"self":[{"href":"https:\/\/linitiative.ca\/International\/wp-json\/wp\/v2\/posts\/24463","targetHints":{"allow":["GET"]}}],"collection":[{"href":"https:\/\/linitiative.ca\/International\/wp-json\/wp\/v2\/posts"}],"about":[{"href":"https:\/\/linitiative.ca\/International\/wp-json\/wp\/v2\/types\/post"}],"author":[{"embeddable":true,"href":"https:\/\/linitiative.ca\/International\/wp-json\/wp\/v2\/users\/1965"}],"replies":[{"embeddable":true,"href":"https:\/\/linitiative.ca\/International\/wp-json\/wp\/v2\/comments?post=24463"}],"version-history":[{"count":0,"href":"https:\/\/linitiative.ca\/International\/wp-json\/wp\/v2\/posts\/24463\/revisions"}],"wp:attachment":[{"href":"https:\/\/linitiative.ca\/International\/wp-json\/wp\/v2\/media?parent=24463"}],"wp:term":[{"taxonomy":"category","embeddable":true,"href":"https:\/\/linitiative.ca\/International\/wp-json\/wp\/v2\/categories?post=24463"},{"taxonomy":"post_tag","embeddable":true,"href":"https:\/\/linitiative.ca\/International\/wp-json\/wp\/v2\/tags?post=24463"}],"curies":[{"name":"wp","href":"https:\/\/api.w.org\/{rel}","templated":true}]}}