{"id":24465,"date":"2019-03-27T16:50:01","date_gmt":"2019-03-27T20:50:01","guid":{"rendered":"https:\/\/linitiative.ca\/International\/mairie-de-paris-cinq-choses-a-savoir-sur-benjamin-griveaux\/"},"modified":"2019-03-27T16:50:01","modified_gmt":"2019-03-27T20:50:01","slug":"mairie-de-paris-cinq-choses-a-savoir-sur-benjamin-griveaux","status":"publish","type":"post","link":"https:\/\/linitiative.ca\/International\/mairie-de-paris-cinq-choses-a-savoir-sur-benjamin-griveaux\/","title":{"rendered":"Mairie de Paris: Cinq choses \u00e0 savoir sur Benjamin Griveaux"},"content":{"rendered":"<div readability=\"32\">\n<p>Publi\u00e9 le 27.03.2019 \u00e0 21h50 par AFP<\/p>\n<\/div>\n<div readability=\"116\">\n<p>Cinq choses \u00e0 savoir sur Benjamin Griveaux, qui a quitt\u00e9 mercredi son poste de porte-parole du gouvernement pour briguer l\u2019investiture LREM en vue des \u00e9lections municipales \u00e0 Paris:<\/p>\n<p>\u2013 C\u2019est un ancien \u00ab\u00a0DSK Boy\u00a0\u00bb \u2013<\/p>\n<p>Benjamin Griveaux, 41 ans, a fait ses armes politiques dans les cercles strauss-kahniens. Membre du club de r\u00e9flexion \u00ab\u00a0A gauche en Europe\u00a0\u00bb fond\u00e9 en 2003 par Dominique Strauss-Kahn et Michel Rocard, M. Griveaux participe \u00e0 la campagne de DSK pour la primaire socialiste de 2006. Dans les couloirs du QG situ\u00e9 dans un appartement rue de la Planche \u00e0 Paris, il rencontre de futurs piliers de la campagne d\u2019Emmanuel Macron: Stanislas Guerini, Isma\u00ebl Emelien, C\u00e9dric O. Il y c\u00f4toie \u00e9galement des t\u00e9nors du PS comme Jean-Christophe Cambad\u00e9lis, Christophe Borgel, Marisol Touraine et se lie d\u2019amiti\u00e9 avec Matthias Fekl, futur ministre de Fran\u00e7ois Hollande. Malgr\u00e9 la d\u00e9route face \u00e0 S\u00e9gol\u00e8ne Royal en novembre 2006, M. Griveaux restera fid\u00e8le \u00e0 DSK. Quand il publiera en 2012 son livre \u00ab\u00a0Salauds de pauvres!\u00a0\u00bb, il le d\u00e9diera \u00ab\u00a0\u00e0 tous ceux de la Planche\u00a0\u00bb.<\/p>\n<p>\u2013 Il a gravi les \u00e9chelons \u00e0 Chalon \u2013<\/p>\n<p>Apr\u00e8s avoir \u00e9tudi\u00e9 \u00e0 Sciences Po et HEC (mais rat\u00e9 l\u2019ENA), M. Griveaux a lanc\u00e9 une entreprise de conseils \u00ab\u00a0pour am\u00e9liorer l\u2019acceptabilit\u00e9 de grands projets aupr\u00e8s de la population\u00a0\u00bb avec le fondateur du think tank Terra Nova, Olivier Ferrand. Mais il b\u00e2tira sa carri\u00e8re politique chez lui, en Sa\u00f4ne-et-Loire. N\u00e9 pr\u00e8s de Chalon, d\u2019un p\u00e8re notaire et d\u2019une m\u00e8re avocate solidement implant\u00e9s dans la ville, M. Griveaux suit l\u2019habituel parcours initiatique dans les appareils traditionnels en se faisant \u00e9lire conseiller municipal de Chalon et conseiller g\u00e9n\u00e9ral en 2008, sous la pr\u00e9sidence d\u2019Arnaud Montebourg.<\/p>\n<p>\u2013 Il a co-fond\u00e9 En Marche! \u2013<\/p>\n<p><ins data-revive-zoneid=\"9\" data-revive-id=\"10111e19d28d19d031742ee3b0b33eb0\"\/> <\/p>\n<p>En 2014, apr\u00e8s avoir pass\u00e9 deux ans au sein du cabinet de la ministre de la Sant\u00e9 PS Marisol Touraine, M. Griveaux abandonne la politique et rejoint la direction de la communication et des affaires publiques du groupe d\u2019immobilier commercial Unibail-Rodamco. Pourtant, contact\u00e9 en octobre 2015 par Isma\u00ebl Emelien, alors conseiller d\u2019Emmanuel Macron \u00e0 Bercy, il se lance dans cr\u00e9ation du mouvement En Marche! Durant la campagne, il coordonne le porte-parolat du parti et multiplie les passages t\u00e9l\u00e9vis\u00e9s ou radio. Parall\u00e8lement, il d\u00e9croche l\u2019investiture dans la 5e circonscription de Paris et se fait \u00e9lire d\u00e9put\u00e9 en juin 2017, en battant au passage la d\u00e9put\u00e9e (PS) sortante Seybah Dagoma, une autre ancienne de la rue de la Planche.<\/p>\n<p>\u2013 C\u2019est le sniper de la macronie \u2013<\/p>\n<p>D\u00e9j\u00e0 pendant la campagne pr\u00e9sidentielle, M. Griveaux s\u2019\u00e9tait distingu\u00e9 en distribuant avec gourmandise des piques \u00e0 ses anciens camarades socialistes, quitte \u00e0 rafra\u00eechir consid\u00e9rablement les relations. Ses amis le d\u00e9crivent en \u00ab\u00a0aboyeur\u00a0\u00bb, \u00e0 la fois \u00ab\u00a0intelligent, malin\u00a0\u00bb mais aussi \u00ab\u00a0hyper cash\u00a0\u00bb et dot\u00e9 \u00ab\u00a0d\u2019une vraie confiance face \u00e0 l\u2019adversit\u00e9\u00a0\u00bb. \u00ab\u00a0Il est d\u00e9vor\u00e9 par l\u2019ambition. D\u00e9vor\u00e9\u00a0\u00bb, cingle un socialiste qui lui fut proche, quand un autre \u00e9pingle son \u00ab\u00a0arrogance\u00a0\u00bb et assure qu&rsquo;\u00a0\u00bbil a beaucoup d\u2019ennemis, pas forc\u00e9ment \u00e0 tort\u00a0\u00bb. Ce c\u00f4t\u00e9 clivant trouvera une illustration durant la crise des \u00ab\u00a0gilets jaunes\u00a0\u00bb. Le 5 janvier dernier, une poign\u00e9e de manifestants d\u00e9fonceront avec un engin de chantier le portail de son minist\u00e8re, pr\u00e9cipitant l\u2019\u00e9vacuation du porte-parole par les jardins.<\/p>\n<p>\u2013 Paris dans le viseur \u2013<\/p>\n<p>Bient\u00f4t p\u00e8re d\u2019un troisi\u00e8me enfant, ce fan de l\u2019\u00e9crivain Brett Easton Ellis, de s\u00e9ries am\u00e9ricaines et du groupe de rock Nirvana n\u2019a jamais cach\u00e9 sa motivation pour la mairie de Paris. \u00ab\u00a0Pour Paris, il prendra tous les risques\u00a0\u00bb, commente un cadre LREM. Absent du premier gouvernement d\u2019Edouard Philippe en mai 2017 et d\u2019abord tent\u00e9 par la pr\u00e9sidence du parti, celui qui a longtemps v\u00e9cu dans le Ve arrondissement \u2013 d\u2019abord dans un studio de la rue de Pontoise \u2013 a vite dirig\u00e9 ses ambitions vers la capitale. Il est cependant confront\u00e9 \u00e0 une avalanche de candidatures au sein du parti, dont Mounir Mahjoubi qui a \u00e9galement quitt\u00e9 le gouvernement mercredi, pas convaincus de sa capacit\u00e9 \u00e0 rassembler. Lui, met plut\u00f4t en avant les soutiens de certains camarades au sein du gouvernement (Marl\u00e8ne Schiappa, Gabriel Attal\u2026), de d\u00e9put\u00e9s et de cadres locaux. Cependant, il lui manque encore l\u2019assentiment public du v\u00e9ritable d\u00e9cisionnaire, dont il s\u2019estime pourtant proche: Emmanuel Macron.<\/p>\n<\/div>\n<p>Auteur: AFP<br \/>\n<a href=\"https:\/\/www.journalducameroun.com\/fr\/mairie-de-paris-cinq-choses-a-savoir-sur-benjamin-griveaux\/\">Cliquez ici pour lire l&rsquo;article depuis sa source.<\/a><\/p>\n","protected":false},"excerpt":{"rendered":"<p>Publi\u00e9 le 27.03.2019 \u00e0 21h50 par AFP Cinq choses \u00e0 savoir sur Benjamin Griveaux, qui a quitt\u00e9 mercredi son poste de porte-parole du gouvernement pour briguer l\u2019investiture LREM en vue des \u00e9lections municipales \u00e0 Paris: \u2013 C\u2019est un ancien \u00ab\u00a0DSK Boy\u00a0\u00bb \u2013 Benjamin Griveaux, 41 ans, a fait ses armes politiques dans les cercles strauss-kahniens. [&hellip;]<\/p>\n","protected":false},"author":1965,"featured_media":0,"comment_status":"closed","ping_status":"closed","sticky":false,"template":"","format":"standard","meta":{"fifu_image_url":"","fifu_image_alt":"","footnotes":""},"categories":[73,82],"tags":[],"class_list":["post-24465","post","type-post","status-publish","format-standard","hentry","category-actualite","category-cameroun"],"_links":{"self":[{"href":"https:\/\/linitiative.ca\/International\/wp-json\/wp\/v2\/posts\/24465","targetHints":{"allow":["GET"]}}],"collection":[{"href":"https:\/\/linitiative.ca\/International\/wp-json\/wp\/v2\/posts"}],"about":[{"href":"https:\/\/linitiative.ca\/International\/wp-json\/wp\/v2\/types\/post"}],"author":[{"embeddable":true,"href":"https:\/\/linitiative.ca\/International\/wp-json\/wp\/v2\/users\/1965"}],"replies":[{"embeddable":true,"href":"https:\/\/linitiative.ca\/International\/wp-json\/wp\/v2\/comments?post=24465"}],"version-history":[{"count":0,"href":"https:\/\/linitiative.ca\/International\/wp-json\/wp\/v2\/posts\/24465\/revisions"}],"wp:attachment":[{"href":"https:\/\/linitiative.ca\/International\/wp-json\/wp\/v2\/media?parent=24465"}],"wp:term":[{"taxonomy":"category","embeddable":true,"href":"https:\/\/linitiative.ca\/International\/wp-json\/wp\/v2\/categories?post=24465"},{"taxonomy":"post_tag","embeddable":true,"href":"https:\/\/linitiative.ca\/International\/wp-json\/wp\/v2\/tags?post=24465"}],"curies":[{"name":"wp","href":"https:\/\/api.w.org\/{rel}","templated":true}]}}