{"id":24477,"date":"2019-03-27T04:32:32","date_gmt":"2019-03-27T08:32:32","guid":{"rendered":"https:\/\/linitiative.ca\/International\/integration-sous-regionale-linsecurite-nouvelle-grande-hypotheque\/"},"modified":"2019-03-27T04:32:32","modified_gmt":"2019-03-27T08:32:32","slug":"integration-sous-regionale-linsecurite-nouvelle-grande-hypotheque","status":"publish","type":"post","link":"https:\/\/linitiative.ca\/International\/integration-sous-regionale-linsecurite-nouvelle-grande-hypotheque\/","title":{"rendered":"Int\u00e9gration sous r\u00e9gionale: l\u2019ins\u00e9curit\u00e9, nouvelle grande hypoth\u00e8que"},"content":{"rendered":"<p>\u00ab <em>Acc\u00e9l\u00e9rer r\u00e9solument la finalisation de la libre-circulation des personnes et des biens, et la r\u00e9alisation rapide des projets int\u00e9grateurs en pr\u00e9servant la s\u00e9curit\u00e9<\/em> \u00bb. C\u2019\u00e9tait la 16e r\u00e9solution du Sommet extraordinaire des chefs d\u2019Etat et de gouvernement de la Communaut\u00e9 \u00e9conomique et mon\u00e9taire de l\u2019Afrique centrale (<strong>Cemac<\/strong>), tenu le 23 d\u00e9cembre 2016 \u00e0 <strong>Yaound\u00e9<\/strong>, en pr\u00e9sence de la directrice g\u00e9n\u00e9rale du Fonds mon\u00e9taire internationale (<strong>Fmi), Christine Lagarde<\/strong>, et de l\u2019ex-ministre fran\u00e7ais des Finances, <strong>Michel Sapin<\/strong>. R\u00e9unis en novembre 2017 \u00e0 <strong>N\u2019Djamena<\/strong> au <strong>Tchad<\/strong>, les m\u00eames dirigeants avaient alors pris acte de la ratification, quelques semaines plus t\u00f4t, par tous les \u00c9tats membres, de l\u2019accord de 2013 sur la libre-circulation des personnes dans la sous-r\u00e9gion. Le 24 mars dernier, toujours dans la capitale tchadienne, la Conf\u00e9rence des chefs d\u2019Etat a adopt\u00e9 la politique commune d\u2019\u00e9migration, d\u2019immigration et de protection des fronti\u00e8res de la Cemac. A cet \u00e9gard, elle a instruit le pr\u00e9sident de la Commission de la Cemac, d\u2019une part, d\u2019acc\u00e9l\u00e9rer l\u2019application de l\u2019acte additionnel portant suppression de visa pour tous les ressortissants de la sous-r\u00e9gion circulant dans l\u2019espace communautaire, et, d\u2019autre part, de mener des actions vigoureuses pour la mise en \u0153uvre de ladite politique commune.<\/p>\n<hr\/>\n<h4><strong>>> Lire aussi \u2013 <a title=\"D\u00e9veloppement local : l\u2019afflux des r\u00e9fugi\u00e9s perturbe l\u2019\u00e9quilibre des communes riveraines\" href=\"https:\/\/ecomatin.net\/developpement-local-lafflux-des-refugies-perturbe-lequilibre-des-communes-riveraines\/\" target=\"_blank\" rel=\"noopener noreferrer\">D\u00e9veloppement local : l\u2019afflux des r\u00e9fugi\u00e9s perturbe l\u2019\u00e9quilibre des communes riveraines<\/a><br \/><\/strong><\/h4>\n<hr\/>\n<p>Seulement, ces bonnes intentions des dirigeants de la Cemac risquent de se fracasser\u00a0 sur le mur de l\u2019ins\u00e9curit\u00e9. La crise s\u00e9cessionniste dans le Nord-Ouest et le Sud-Ouest du Cameroun, les assauts meurtriers de Boko Haram au Cameroun et au Tchad, l\u2019action des bandes arm\u00e9es en R\u00e9publique centrafricaine et dans les r\u00e9gions de l\u2019Adamaoua et de l\u2019Est au Cameroun, hypoth\u00e8quent s\u00e9rieusement l\u2019application de l\u2019accord de libre-circulation des personnes et des biens, qui devait \u00eatre effective depuis janvier 2018. Alors que cette politique commune \u00e9tait effective depuis entre le Cameroun et le Tchad, le Cameroun et le Congo et le Cameroun et la Centrafrique, les conditions de circulation des citoyens entre ces diff\u00e9rents pays ont \u00e9t\u00e9 durcies depuis la d\u00e9gradation du contexte s\u00e9curitaire. C\u2019est dire que cette politique commune ne sera pas mise en \u0153uvre dans son int\u00e9gralit\u00e9 avant le retour de la paix, qui demeure lui-m\u00eame incertain. La Guin\u00e9e Equatoriale, le Gabon et le Congo, les seuls de pays de la zone Cemac encore stables, du moins sur le plan de la s\u00e9curit\u00e9, redoutent une importation des crises qui secouent actuellement les autres Etats de la Cemac. Par ailleurs, l\u2019enlisement de la situation s\u00e9curitaire dans la sous-r\u00e9gion et dans bien d\u2019autres du continent est un mauvais signal, \u00e0 cinq mois de l\u2019entr\u00e9e en vigueur de l\u2019accord de l\u2019Union africaine instituant la Zone de libre-\u00e9change continentale (<strong>Zlec<\/strong>).<\/p>\n<div class=\"about-author about-author-box container-wrapper\">\n<div class=\"author-avatar\">\n<p><img decoding=\"async\" src=\"http:\/\/\" alt=\"\"\/><\/p>\n<\/div>\n<p><h4>La R\u00e9daction EcoMatin<\/h4>\n<\/p>\n<\/div>\n<div class=\"awac-wrapper awac widget blog_subscription-2\">\n<h4 class=\"widget-title\">Abonnez-vous \u00e0 notre lettre d&rsquo;information<\/h4>\n<\/div>\n<p>Auteur: EcoMatin<br \/>\n<a href=\"https:\/\/ecomatin.net\/integration-sous-regionale-linsecurite-nouvelle-grande-hypotheque\/\">Cliquez ici pour lire l&rsquo;article depuis sa source.<\/a><\/p>\n","protected":false},"excerpt":{"rendered":"<p>\u00ab Acc\u00e9l\u00e9rer r\u00e9solument la finalisation de la libre-circulation des personnes et des biens, et la r\u00e9alisation rapide des projets int\u00e9grateurs en pr\u00e9servant la s\u00e9curit\u00e9 \u00bb. C\u2019\u00e9tait la 16e r\u00e9solution du Sommet extraordinaire des chefs d\u2019Etat et de gouvernement de la Communaut\u00e9 \u00e9conomique et mon\u00e9taire de l\u2019Afrique centrale (Cemac), tenu le 23 d\u00e9cembre 2016 \u00e0 Yaound\u00e9, [&hellip;]<\/p>\n","protected":false},"author":1969,"featured_media":0,"comment_status":"closed","ping_status":"closed","sticky":false,"template":"","format":"standard","meta":{"fifu_image_url":"","fifu_image_alt":"","footnotes":""},"categories":[82,78],"tags":[],"class_list":["post-24477","post","type-post","status-publish","format-standard","hentry","category-cameroun","category-economie"],"_links":{"self":[{"href":"https:\/\/linitiative.ca\/International\/wp-json\/wp\/v2\/posts\/24477","targetHints":{"allow":["GET"]}}],"collection":[{"href":"https:\/\/linitiative.ca\/International\/wp-json\/wp\/v2\/posts"}],"about":[{"href":"https:\/\/linitiative.ca\/International\/wp-json\/wp\/v2\/types\/post"}],"author":[{"embeddable":true,"href":"https:\/\/linitiative.ca\/International\/wp-json\/wp\/v2\/users\/1969"}],"replies":[{"embeddable":true,"href":"https:\/\/linitiative.ca\/International\/wp-json\/wp\/v2\/comments?post=24477"}],"version-history":[{"count":0,"href":"https:\/\/linitiative.ca\/International\/wp-json\/wp\/v2\/posts\/24477\/revisions"}],"wp:attachment":[{"href":"https:\/\/linitiative.ca\/International\/wp-json\/wp\/v2\/media?parent=24477"}],"wp:term":[{"taxonomy":"category","embeddable":true,"href":"https:\/\/linitiative.ca\/International\/wp-json\/wp\/v2\/categories?post=24477"},{"taxonomy":"post_tag","embeddable":true,"href":"https:\/\/linitiative.ca\/International\/wp-json\/wp\/v2\/tags?post=24477"}],"curies":[{"name":"wp","href":"https:\/\/api.w.org\/{rel}","templated":true}]}}