{"id":24490,"date":"2019-03-28T05:38:11","date_gmt":"2019-03-28T09:38:11","guid":{"rendered":"https:\/\/linitiative.ca\/International\/financement-du-mur-et-nouveau-bras-de-fer-entre-trump-et-le-senat\/"},"modified":"2019-03-28T05:38:11","modified_gmt":"2019-03-28T09:38:11","slug":"financement-du-mur-et-nouveau-bras-de-fer-entre-trump-et-le-senat","status":"publish","type":"post","link":"https:\/\/linitiative.ca\/International\/financement-du-mur-et-nouveau-bras-de-fer-entre-trump-et-le-senat\/","title":{"rendered":"Financement du \u00abmur\u00bb et nouveau bras-de-fer entre Trump et le S\u00e9nat"},"content":{"rendered":"<p class=\"c4\"><span class=\"c3\"><em><span class=\"c2\">M<\/span>\u00eame s\u2019il est encore loin d\u2019obtenir les 8 milliards de dollars n\u00e9cessaires \u00e0 l\u2019\u00e9dification d\u2019un mur \u00e0 la fronti\u00e8re mexicaine, Donald Trump peut, tout de m\u00eame, se r\u00e9jouir car, ce lundi et \u00e0 quelques heures de la pr\u00e9sentation du budget du Pentagone devant le Congr\u00e8s, Patrick Shanahan, le ministre de la d\u00e9fense par int\u00e9rim, a annonc\u00e9 son intention \u00abd\u2019entreprendre la construction d\u2019un mur de 91 km de long et de 5,5 m\u00a0 de haut\u00bb dans la r\u00e9gion d\u2019El Paso au Texas.<\/em><\/span><\/p>\n<p class=\"c4\">Le chef du Pentagone a tenu \u00e0 pr\u00e9ciser, par ailleurs, que le financement de cette op\u00e9ration repose sur la loi f\u00e9d\u00e9rale et notamment sur un paragraphe de l\u2019Article 10 du Code des Etats-Unis qui \u00abautorise le minist\u00e8re de la d\u00e9fense \u00e0 construire des routes et des barri\u00e8res et \u00e0 installer des \u00e9clairages pour emp\u00eacher le trafic de drogue transfrontalier\u00bb et ce, \u00e0 hauteur d\u2019un milliard de dollars.<\/p>\n<p class=\"c4\">La r\u00e9alisation de cet ouvrage sera confi\u00e9e au corps du g\u00e9nie de l\u2019arm\u00e9e de Terre habilit\u00e9 \u00e0 entreprendre, en coordination avec le DHS (Minist\u00e8re de la S\u00e9curit\u00e9 int\u00e9rieure) et les garde-fronti\u00e8res, \u00abla planification et la mise en \u0153uvre de ce projet\u00bb.<\/p>\n<p class=\"c4\">Pour rappel, le 15 f\u00e9vrier dernier, Donald Trump avait d\u00e9clench\u00e9 une proc\u00e9dure d\u2019\u00aburgence nationale\u00bb l\u2019autorisant \u00e0 se passer de l\u2019accord des parlementaires pour le d\u00e9blocage des huit milliards de dollars n\u00e9cessaires\u00a0\u00e0 la construction d\u2019un mur \u00e0 la fronti\u00e8re mexicaine.<\/p>\n<p class=\"c4\">Le S\u00e9nat avait alors adopt\u00e9 une r\u00e9solution annulant cette mesure; ce \u00e0 quoi\u00a0 Donald Trump avait oppos\u00e9 son v\u00e9to.\u00a0Le recours \u00e0 cette mesure exceptionnelle avait indign\u00e9 les \u00e9lus des deux camps qui avaient reproch\u00e9 au Pr\u00e9sident d\u2019avoir outrepass\u00e9 ses pouvoirs et cr\u00e9\u00e9, ainsi, un dangereux pr\u00e9c\u00e9dent.<\/p>\n<p class=\"c4\">Pour les s\u00e9nateurs d\u00e9mocrates il s\u2019agirait plut\u00f4t d\u2019un \u00abd\u00e9tournement de fonds\u00bb effectu\u00e9 pour entreprendre une construction \u00abinutile\u00bb voire m\u00eame, comme l\u2019avait dit, quelques semaines auparavant, le congressiste Adam Smith, une \u00abcrise fabriqu\u00e9e (qui) ne sert \u00e0 rien d\u2019autre qu\u2019\u00e0 encourager le pr\u00e9sident \u00e0 se concentrer sur la rh\u00e9torique anti-immigr\u00e9s au lieu de ce qui est dans le meilleur int\u00e9r\u00eat de la s\u00e9curit\u00e9 nationale\u00bb.<\/p>\n<p class=\"c4\">L\u2019annonce du Pentagone ayant pouss\u00e9 les s\u00e9nateurs d\u00e9mocrates \u00e0 d\u00e9noncer le fait \u00abque le minist\u00e8re (de la d\u00e9fense) ait permis une telle ing\u00e9rence politique\u00bb, ces derniers se sont<\/p>\n<p class=\"c4\">imm\u00e9diatement oppos\u00e9s au \u00abd\u00e9blocage\u00bb propos\u00e9 par le ministre de la d\u00e9fense par int\u00e9rim au motif que celui-ci contreviendrait aux \u00abdispositions du cr\u00e9dit de d\u00e9fense lui-m\u00eame\u00bb en passant outre l\u2019aval des comit\u00e9s de la d\u00e9fense du Congr\u00e8s.<\/p>\n<p class=\"c4\">Jusqu\u2019\u00e0 quand va durer ce bras-de-fer\u00a0? Attendons pour voir\u2026<\/p>\n<p class=\"c5\"><strong>Nabil El Bousaadi<\/strong><\/p>\n<p>Auteur: rahal mehamed<br \/>\n<a href=\"http:\/\/albayane.press.ma\/financement-du-mur-et-nouveau-bras-de-fer-entre-trump-et-le-senat.html\">Cliquez ici pour lire l&rsquo;article depuis sa source.<\/a><\/p>\n","protected":false},"excerpt":{"rendered":"<p>M\u00eame s\u2019il est encore loin d\u2019obtenir les 8 milliards de dollars n\u00e9cessaires \u00e0 l\u2019\u00e9dification d\u2019un mur \u00e0 la fronti\u00e8re mexicaine, Donald Trump peut, tout de m\u00eame, se r\u00e9jouir car, ce lundi et \u00e0 quelques heures de la pr\u00e9sentation du budget du Pentagone devant le Congr\u00e8s, Patrick Shanahan, le ministre de la d\u00e9fense par int\u00e9rim, a [&hellip;]<\/p>\n","protected":false},"author":1760,"featured_media":0,"comment_status":"closed","ping_status":"closed","sticky":false,"template":"","format":"standard","meta":{"fifu_image_url":"","fifu_image_alt":"","footnotes":""},"categories":[73,54],"tags":[],"class_list":["post-24490","post","type-post","status-publish","format-standard","hentry","category-actualite","category-maroc"],"_links":{"self":[{"href":"https:\/\/linitiative.ca\/International\/wp-json\/wp\/v2\/posts\/24490","targetHints":{"allow":["GET"]}}],"collection":[{"href":"https:\/\/linitiative.ca\/International\/wp-json\/wp\/v2\/posts"}],"about":[{"href":"https:\/\/linitiative.ca\/International\/wp-json\/wp\/v2\/types\/post"}],"author":[{"embeddable":true,"href":"https:\/\/linitiative.ca\/International\/wp-json\/wp\/v2\/users\/1760"}],"replies":[{"embeddable":true,"href":"https:\/\/linitiative.ca\/International\/wp-json\/wp\/v2\/comments?post=24490"}],"version-history":[{"count":0,"href":"https:\/\/linitiative.ca\/International\/wp-json\/wp\/v2\/posts\/24490\/revisions"}],"wp:attachment":[{"href":"https:\/\/linitiative.ca\/International\/wp-json\/wp\/v2\/media?parent=24490"}],"wp:term":[{"taxonomy":"category","embeddable":true,"href":"https:\/\/linitiative.ca\/International\/wp-json\/wp\/v2\/categories?post=24490"},{"taxonomy":"post_tag","embeddable":true,"href":"https:\/\/linitiative.ca\/International\/wp-json\/wp\/v2\/tags?post=24490"}],"curies":[{"name":"wp","href":"https:\/\/api.w.org\/{rel}","templated":true}]}}