{"id":24491,"date":"2019-03-28T05:44:22","date_gmt":"2019-03-28T09:44:22","guid":{"rendered":"https:\/\/linitiative.ca\/International\/algerie-larmee-ouvre-la-voie-a-un-depart-du-president-bouteflika\/"},"modified":"2019-03-28T05:44:22","modified_gmt":"2019-03-28T09:44:22","slug":"algerie-larmee-ouvre-la-voie-a-un-depart-du-president-bouteflika","status":"publish","type":"post","link":"https:\/\/linitiative.ca\/International\/algerie-larmee-ouvre-la-voie-a-un-depart-du-president-bouteflika\/","title":{"rendered":"Alg\u00e9rie: l\u2019arm\u00e9e ouvre la voie \u00e0 un d\u00e9part du pr\u00e9sident Bouteflika"},"content":{"rendered":"<p class=\"c4\"><span class=\"c3\"><span class=\"c2\">L<\/span>e chef d\u2019\u00e9tat-major de l\u2019arm\u00e9e alg\u00e9rienne Ahmed Ga\u00efd Salah a propos\u00e9 que le pr\u00e9sident Abdelaziz Bouteflika, affaibli par la maladie et contest\u00e9 par la rue, soit d\u00e9clar\u00e9 inapte \u00e0 exercer le pouvoir en vertu de la Constitution ou qu\u2019il d\u00e9missionne.<\/span><\/p>\n<p class=\"c4\">Le g\u00e9n\u00e9ral Ga\u00efd Salah, \u00e9galement vice-ministre de la D\u00e9fense et consid\u00e9r\u00e9 comme l\u2019un des personnages les plus puissants du pouvoir alg\u00e9rien, a fait cette annonce surprise mardi, plus d\u2019un mois apr\u00e8s le d\u00e9but d\u2019une contestation populaire in\u00e9dite.<br \/>Pour sortir ce pays p\u00e9trolier de la crise, ce fid\u00e8le de M. Bouteflika a pr\u00f4n\u00e9 le lancement de la proc\u00e9dure pr\u00e9vue par l\u2019article 102 de la Constitution, applicable quand le pr\u00e9sident de la R\u00e9publique \u00abpour cause de maladie grave et durable, se trouve dans l\u2019impossibilit\u00e9 totale d\u2019exercer ses fonctions\u00bb ou en cas de d\u00e9mission.<br \/>D\u00e9sormais, la balle est dans le camp de M. Bouteflika lui-m\u00eame, s\u2019il choisit de d\u00e9missionner, ou dans celui du pr\u00e9sident du Conseil constitutionnel, Tayeb Belaiz, un proche du pr\u00e9sident \u00e0 qui il revient de lancer la proc\u00e9dure permettant de d\u00e9clarer le chef de l\u2019Etat inapte \u00e0 exercer ses fonctions.<br \/>Seuls quelques klaxons ont accueilli la nouvelle \u00e0 Alger, selon des journalistes de l\u2019AFP.<br \/>Ag\u00e9 de 82 ans et au pouvoir depuis 1999, M. Bouteflika est affaibli par les s\u00e9quelles d\u2019un accident vasculaire c\u00e9r\u00e9bral qui, depuis 2013, l\u2019emp\u00eachent de s\u2019adresser de vive voix aux Alg\u00e9riens et rendent rares ses apparitions publiques.<br \/>\u00abIl devient n\u00e9cessaire, voire imp\u00e9ratif, d\u2019adopter une solution pour sortir de la crise\u00bb, a d\u00e9clar\u00e9 le g\u00e9n\u00e9ral Ga\u00efd Salah, nomm\u00e9 en 2004 par le chef de l\u2019Etat \u00e0 la t\u00eate de cette puissante institution. Il a pr\u00f4n\u00e9 une solution r\u00e9pondant aux \u00abrevendications l\u00e9gitimes du peuple\u00bb, conforme \u00e0 la Constitution et garantissant la \u00abstabilit\u00e9 de l\u2019Etat\u00bb.<br \/>Cette \u00absolution \u00e0 m\u00eame d\u2019aboutir \u00e0 un consensus (\u2026) et de faire l\u2019unanimit\u00e9 de toutes les parties, est celle stipul\u00e9e par la Constitution, dans son article 102\u00bb, a poursuivi le chef d\u2019\u00e9tat-major dans un discours prononc\u00e9 lors d\u2019une de ses r\u00e9guli\u00e8res visites aupr\u00e8s d\u2019unit\u00e9s sur le terrain et diffus\u00e9 \u00e0 la t\u00e9l\u00e9vision nationale.<br \/>L\u2019article 102 de la Constitution stipule que le pr\u00e9sident du Conseil de la Nation (chambre haute) exerce l\u2019int\u00e9rim en cas \u00abd\u2019emp\u00eachement\u00bb du chef de l\u2019Etat quand, \u00abpour cause de maladie grave et durable\u00bb, il \u00abse trouve dans l\u2019impossibilit\u00e9 totale d\u2019exercer ses fonctions\u00bb.<br \/>Ce sont les deux Chambres du Parlement, qui sur proposition du Conseil constitutionnel, votent \u00e0 la majorit\u00e9 des deux tiers \u00abl\u2019\u00e9tat d\u2019emp\u00eachement\u00bb.<br \/>Si \u00abl\u2019emp\u00eachement\u00bb se poursuit au-del\u00e0 de 45 jours, le pouvoir est d\u00e9clar\u00e9 vacant. L\u2019int\u00e9rim se poursuit alors pendant 90 jours maximum, durant lesquels une pr\u00e9sidentielle est organis\u00e9e.<br \/>L\u2019article 102 pr\u00e9voit \u00e9galement cette proc\u00e9dure de \u00abvacance\u00bb en cas de d\u00e9mission du pr\u00e9sident de la R\u00e9publique.<br \/>La contestation en Alg\u00e9rie, pays membre de l\u2019Organisation des pays exportateurs de p\u00e9trole (Opep), a \u00e9t\u00e9 d\u00e9clench\u00e9e le 22 f\u00e9vrier par des manifestations massives contre l\u2019annonce de la candidature de M. Bouteflika \u00e0 un 5e mandat.<br \/>Face \u00e0 la pression de la rue, le pr\u00e9sident alg\u00e9rien a renonc\u00e9 \u00e0 cette candidature mais a report\u00e9 la pr\u00e9sidentielle pr\u00e9vue le 18 avril, prolongeant son actuel mandat jusqu\u2019\u00e0 un scrutin devant \u00eatre organis\u00e9 \u00e0 une date incertaine, apr\u00e8s une \u00abConf\u00e9rence nationale\u00bb charg\u00e9e notamment d\u2019\u00e9laborer une nouvelle Constitution.<br \/>Une solution totalement rejet\u00e9e par les manifestants.<br \/>Apparu divis\u00e9 sur la fa\u00e7on de sortir l\u2019Alg\u00e9rie de la crise, le Front de lib\u00e9ration nationale (FLN), parti d\u2019Abdelaziz Bouteflika, avait resserr\u00e9 les rangs lundi, estimant que la proposition du pr\u00e9sident alg\u00e9rien \u00e9tait \u00abla meilleure\u00bb et s\u2019opposant \u00e0 toute \u00abvacance\u00bb au sommet susceptible de \u00abconduire \u00e0 l\u2019anarchie\u00bb.<br \/>Plusieurs partis de l\u2019opposition avaient r\u00e9cemment propos\u00e9 une sortie de crise sans M. Bouteflika, via une transition de six mois d\u00e9butant d\u00e8s l\u2019expiration le 28 avril du mandat du chef de l\u2019Etat, dont les pouvoirs seraient confi\u00e9s \u00e0 une \u00abinstance pr\u00e9sidentielle\u00bb coll\u00e9giale, charg\u00e9e d\u2019organiser un scrutin \u00ablibre et transparent\u00bb.<br \/>La rue alg\u00e9roise est rest\u00e9e circonspecte apr\u00e8s les propos du g\u00e9n\u00e9ral Ga\u00efd Salah.<br \/>Cette annonce \u00abne va pas r\u00e9gler la crise. Le peuple ne r\u00e9clame pas uniquement le d\u00e9part de Bouteflika, mais de tout le syst\u00e8me\u00bb au pouvoir, a dit \u00e0 l\u2019AFP Oumeima Khellaf, 24 ans, \u00e9tudiante en tourisme.<br \/>Pour Mohand Chertouk, \u00e9lectricien de 36 ans, il s\u2019agit \u00abjuste d\u2019une tentative de gagner du temps (\u2026) le d\u00e9part de Bouteflika peut constituer un d\u00e9but de solution, mais il faut ensuite \u00abun changement profond, sinon la crise va perdurer\u00bb.<br \/>C\u00f4t\u00e9 partis, le Mouvement de la Soci\u00e9t\u00e9 pour la Paix (MSP), principale formation islamiste, a estim\u00e9 que l\u2019article 102 \u00abne permet pas la mise en oeuvre de r\u00e9formes\u00bb une fois appliqu\u00e9 et emp\u00eache de futures \u00ab\u00e9lections libres\u00bb.<br \/>Le MSP, qui a rompu avec la majorit\u00e9 pr\u00e9sidentielle depuis 2012, a appel\u00e9 l\u2019arm\u00e9e \u00e0 \u00abse contenter d\u2019accompagner la classe politique dans la recherche d\u2019une solution\u00bb.<br \/>Ali Benflis, ex-Premier ministre de M. Bouteflika devenu l\u2019un de ses principaux opposants, a salu\u00e9 l\u2019\u00abengagement\u00bb de l\u2019arm\u00e9e \u00e0 trouver une solution satisfaisant \u00ables revendications l\u00e9gitimes\u00bb du peuple alg\u00e9rien, mais a averti que \u00abla mise en oeuvre de l\u2019article 102\u00bb ne peut r\u00e9gler seule la crise.<br \/>Le Front des Forces socialistes, plus ancien parti d\u2019opposition, a d\u00e9nonc\u00e9 \u00abun coup de force contre la volont\u00e9 populaire (\u2026) \u00e0 savoir le d\u00e9part du syst\u00e8me et de ses hommes, et pas seulement du chef de l\u2019Etat\u00bb.<\/p>\n<p>Auteur: rahal mehamed<br \/>\n<a href=\"http:\/\/albayane.press.ma\/algerie-larmee-ouvre-la-voie-a-un-depart-du-president-bouteflika.html\">Cliquez ici pour lire l&rsquo;article depuis sa source.<\/a><\/p>\n","protected":false},"excerpt":{"rendered":"<p>Le chef d\u2019\u00e9tat-major de l\u2019arm\u00e9e alg\u00e9rienne Ahmed Ga\u00efd Salah a propos\u00e9 que le pr\u00e9sident Abdelaziz Bouteflika, affaibli par la maladie et contest\u00e9 par la rue, soit d\u00e9clar\u00e9 inapte \u00e0 exercer le pouvoir en vertu de la Constitution ou qu\u2019il d\u00e9missionne. Le g\u00e9n\u00e9ral Ga\u00efd Salah, \u00e9galement vice-ministre de la D\u00e9fense et consid\u00e9r\u00e9 comme l\u2019un des personnages [&hellip;]<\/p>\n","protected":false},"author":1760,"featured_media":0,"comment_status":"closed","ping_status":"closed","sticky":false,"template":"","format":"standard","meta":{"fifu_image_url":"","fifu_image_alt":"","footnotes":""},"categories":[73,54],"tags":[],"class_list":["post-24491","post","type-post","status-publish","format-standard","hentry","category-actualite","category-maroc"],"_links":{"self":[{"href":"https:\/\/linitiative.ca\/International\/wp-json\/wp\/v2\/posts\/24491","targetHints":{"allow":["GET"]}}],"collection":[{"href":"https:\/\/linitiative.ca\/International\/wp-json\/wp\/v2\/posts"}],"about":[{"href":"https:\/\/linitiative.ca\/International\/wp-json\/wp\/v2\/types\/post"}],"author":[{"embeddable":true,"href":"https:\/\/linitiative.ca\/International\/wp-json\/wp\/v2\/users\/1760"}],"replies":[{"embeddable":true,"href":"https:\/\/linitiative.ca\/International\/wp-json\/wp\/v2\/comments?post=24491"}],"version-history":[{"count":0,"href":"https:\/\/linitiative.ca\/International\/wp-json\/wp\/v2\/posts\/24491\/revisions"}],"wp:attachment":[{"href":"https:\/\/linitiative.ca\/International\/wp-json\/wp\/v2\/media?parent=24491"}],"wp:term":[{"taxonomy":"category","embeddable":true,"href":"https:\/\/linitiative.ca\/International\/wp-json\/wp\/v2\/categories?post=24491"},{"taxonomy":"post_tag","embeddable":true,"href":"https:\/\/linitiative.ca\/International\/wp-json\/wp\/v2\/tags?post=24491"}],"curies":[{"name":"wp","href":"https:\/\/api.w.org\/{rel}","templated":true}]}}