{"id":24494,"date":"2019-03-28T06:10:50","date_gmt":"2019-03-28T10:10:50","guid":{"rendered":"https:\/\/linitiative.ca\/International\/la-philosophie-doit-etre-au-devant-de-la-scene\/"},"modified":"2019-03-28T06:10:50","modified_gmt":"2019-03-28T10:10:50","slug":"la-philosophie-doit-etre-au-devant-de-la-scene","status":"publish","type":"post","link":"https:\/\/linitiative.ca\/International\/la-philosophie-doit-etre-au-devant-de-la-scene\/","title":{"rendered":"\u00abLa philosophie doit \u00eatre au devant de la sc\u00e8ne\u00bb"},"content":{"rendered":"<p class=\"c4\"><span class=\"c3\"><em><strong><span class=\"c2\"><img loading=\"lazy\" decoding=\"async\" class=\" wp-image-77418 alignright\" src=\"http:\/\/albayane.press.ma\/wp-content\/uploads\/Mohamed-Mesbahi-230x130.jpg\" alt=\"\" width=\"223\" height=\"126\"\/>A<\/span><\/strong>-t-on besoin de la philosophie, aujourd\u2019hui? Quelles sont les t\u00e2ches des philosophes et des penseurs des temps actuels? Quid de la philosophie et de la pens\u00e9e philosophique au Maroc\u00a0? O\u00f9 en sommes nous de la philosophie \u00e0 l\u2019\u00e8re du num\u00e9rique et du triomphe de la technologie?\u00a0 Ces questions et bien d\u2019autres ont \u00e9t\u00e9 pos\u00e9es lors d\u2019une rencontre avec le penseur et philosophe marocain Mohamed Mesbahi organis\u00e9e, jeudi 21 mars \u00e0 la Facult\u00e9 des sciences juridiques, \u00e9conomiques et sociales Souissi \u00e0 Rabat,\u00a0 par le Centre d\u2019\u00e9tudes et de recherches Aziz Belal (CERAB) en partenariat avec le Centre interdisciplinaire de recherche en performance et comp\u00e9titivit\u00e9.<\/em><\/span><\/p>\n<p class=\"c4\">Le recours \u00e0 la philosophie et \u00e0 la pens\u00e9e critique est d\u00e9sormais une urgence dans le contexte actuel. La probl\u00e9matique qui se pose, c\u2019est la\u00a0 r\u00e9gression des peuples arabes due essentiellement \u00e0 l\u2019absence de la philosophie, explique Mohammed Chiguer, pr\u00e9sident du Centre d\u2019\u00e9tudes et de recherches Aziz Belal (CERAB).<\/p>\n<p class=\"c4\">Selon lui, cette rencontre s\u2019inscrit dans le cadre du programme du centre qui s\u2019ouvre sur une approche participative avec tous les acteurs culturels, politiques, \u00e9conomiques et sociaux afin de trouver des pistes de r\u00e9flexion et d\u2019\u00e9change de visions.<\/p>\n<p class=\"c4\">Dans cet esprit, des \u00e9tudes seront publi\u00e9es prochainement sur les diff\u00e9rents sujets afin de contribuer \u00e0 l\u2019enrichissement des d\u00e9bats\u00a0 sur les diff\u00e9rentes th\u00e9matiques qui touchent la soci\u00e9t\u00e9 marocaine.<\/p>\n<p class=\"c4\">Pour le vice-pr\u00e9sident du CERAB et mod\u00e9rateur de la rencontre, Oualalou Hafid, ce besoin de la philosophie est important pour les \u00e9tudiants et les amoureux de la sagesse qui veulent lire la r\u00e9alit\u00e9 marocaine sous le prisme philosophique.\u00a0 \u00abLe besoin de la philosophie et la n\u00e9cessit\u00e9 de se poser des questions sur les diff\u00e9rentes probl\u00e9matiques et sujets actuels constituent un pilier pour penser autrement et construire une v\u00e9ritable soci\u00e9t\u00e9 sur tous les plans\u00bb, a-t-il dit.<\/p>\n<p class=\"c4\">Mohamed Mesbahi est l\u2019un des penseurs marocains qui ont travaill\u00e9 sur Averro\u00e8s (Ibn Rochd) avec d\u2019autres lunettes. Pourquoi le nom de ce philosophe a-t-il toujours \u00e9t\u00e9 associ\u00e9 \u00e0 Mesbahi? \u00abJe m\u2019int\u00e9resse beaucoup \u00e0 Ibn Rochd parce que je suis d\u2019abord un amoureux de la rationalit\u00e9 et \u00a0j\u2019appr\u00e9cie l\u2019ouverture de ce philosophe sur le monde.\u00a0 Je le consid\u00e8re comme un mod\u00e8le pour ouvrir la charia sur le reste de la pens\u00e9e et la philosophe grecques\u00bb, a-t-il confi\u00e9.<\/p>\n<p class=\"c4\"><strong>A-t-on besoin<\/strong> <strong>de la philosophie?<\/strong><\/p>\n<p class=\"c4\">Pour Mesbahi, la philosophie n\u2019est pas uniquement une mati\u00e8re d\u2019enseignement, une philosophie des slogans, mais une mani\u00e8re de penser, de poser de nouvelles questions et de r\u00e9fl\u00e9chir \u00a0sur les divers sujets. Penser, c\u2019est se poser des questions, de bonnes questions bien \u00e9videmment.<\/p>\n<p class=\"c4\">\u00abLa philosophie est vitale pour l\u2019humain. Tout le monde peut \u00eatre philosophe. La philosophie existe dans toutes les actions et tous les projets. Mais la philosophie a cette capacit\u00e9 de \u00a0s\u2019aventurer dans la critique des \u00e9vidences, des postulats \u00a0et se penche sur les questions dans leurs profondeurs\u00bb, a-t-il expliqu\u00e9. D\u2019apr\u00e8s l\u2019intervenant, la mis\u00e8re de la r\u00e9alit\u00e9\u00a0a\u00a0 besoin de la philosophie.<\/p>\n<p class=\"c4\"><strong>Alors dans les temps modernes, peut-on parler d\u2019un sens de la philosophie avec la r\u00e9volution technologique?<\/strong><\/p>\n<p class=\"c4\">Cette r\u00e9volution a\u00a0 chang\u00e9 le destin de l\u2019humanit\u00e9, pr\u00e9cise \u00a0Mesbahi dans son intervention. Selon lui, tout est \u00e9ph\u00e9m\u00e8re dans la technologie. Certes, explique-t-il,\u00a0 la technologie a des retomb\u00e9es b\u00e9n\u00e9fiques, mais elle a envahi des peuples et des Etats. En d\u2019autres termes, la\u00a0 technologie a remplac\u00e9 l\u2019homme. \u00abAujourd\u2019hui les r\u00e9seaux sociaux ont guid\u00e9 les peuples. Donc le temps des partis politiques, des syndicats, des institutions est r\u00e9volu\u00bb, a-t-il fait savoir. Et d\u2019ajouter\u00a0:\u00a0\u00abla r\u00e9volution technologique et le capitalisme farouche menacent l\u2019existence humaine et la terre. Dans cette optique,\u00a0la philosophie doit poser de nouvelles questions dans cette \u00e8re actuelle de la technologie. C\u2019est d\u00e9sormais une urgence\u00bb, a-t-il affirm\u00e9.<\/p>\n<p class=\"c4\"><strong>Et le Maroc dans tout \u00e7a?<\/strong><\/p>\n<p class=\"c4\">La dominance du discours m\u00e9taphasique et l\u2019envahissement de la technologie tirent notre pays vers le bas, de m\u00eame que l\u2019absence du logos et l\u2019effondrement des valeurs humaines, a-t-il soulign\u00e9. D\u2019apr\u00e8s l\u2019intervenant, la dimension politique est pr\u00e9sente dans la r\u00e9flexion des penseurs et des philosophes marocains en faisant une double critique du patrimoine ou de la modernit\u00e9.<\/p>\n<p class=\"c4\">Selon lui toujours, il faut renouveler les questions, les concepts et les visions pour faire face aux enjeux. \u00abIl faut jeter un nouveau regard sur la philosophie et la r\u00e9flexion. Nous voulons une philosophie, une m\u00e9thode de penser pour renouveler les questions afin de \u00a0trouver une solution aux probl\u00e9matiques actuelles\u00bb, a-t-il rappel\u00e9. \u00a0Pour Mesbahi, il est temps de cr\u00e9er un centre pour la philosophie.<\/p>\n<p class=\"c5\"><strong>Mohamed Nait Youssef<\/strong><\/p>\n<p>Auteur: rahal mehamed<br \/>\n<a href=\"http:\/\/albayane.press.ma\/la-philosophie-doit-etre-au-devant-de-la-scene.html\">Cliquez ici pour lire l&rsquo;article depuis sa source.<\/a><\/p>\n","protected":false},"excerpt":{"rendered":"<p>A-t-on besoin de la philosophie, aujourd\u2019hui? Quelles sont les t\u00e2ches des philosophes et des penseurs des temps actuels? Quid de la philosophie et de la pens\u00e9e philosophique au Maroc\u00a0? O\u00f9 en sommes nous de la philosophie \u00e0 l\u2019\u00e8re du num\u00e9rique et du triomphe de la technologie?\u00a0 Ces questions et bien d\u2019autres ont \u00e9t\u00e9 pos\u00e9es lors [&hellip;]<\/p>\n","protected":false},"author":1760,"featured_media":24495,"comment_status":"closed","ping_status":"closed","sticky":false,"template":"","format":"standard","meta":{"fifu_image_url":"","fifu_image_alt":"","footnotes":""},"categories":[73,54],"tags":[],"class_list":["post-24494","post","type-post","status-publish","format-standard","has-post-thumbnail","hentry","category-actualite","category-maroc"],"_links":{"self":[{"href":"https:\/\/linitiative.ca\/International\/wp-json\/wp\/v2\/posts\/24494","targetHints":{"allow":["GET"]}}],"collection":[{"href":"https:\/\/linitiative.ca\/International\/wp-json\/wp\/v2\/posts"}],"about":[{"href":"https:\/\/linitiative.ca\/International\/wp-json\/wp\/v2\/types\/post"}],"author":[{"embeddable":true,"href":"https:\/\/linitiative.ca\/International\/wp-json\/wp\/v2\/users\/1760"}],"replies":[{"embeddable":true,"href":"https:\/\/linitiative.ca\/International\/wp-json\/wp\/v2\/comments?post=24494"}],"version-history":[{"count":0,"href":"https:\/\/linitiative.ca\/International\/wp-json\/wp\/v2\/posts\/24494\/revisions"}],"wp:featuredmedia":[{"embeddable":true,"href":"https:\/\/linitiative.ca\/International\/wp-json\/"}],"wp:attachment":[{"href":"https:\/\/linitiative.ca\/International\/wp-json\/wp\/v2\/media?parent=24494"}],"wp:term":[{"taxonomy":"category","embeddable":true,"href":"https:\/\/linitiative.ca\/International\/wp-json\/wp\/v2\/categories?post=24494"},{"taxonomy":"post_tag","embeddable":true,"href":"https:\/\/linitiative.ca\/International\/wp-json\/wp\/v2\/tags?post=24494"}],"curies":[{"name":"wp","href":"https:\/\/api.w.org\/{rel}","templated":true}]}}