{"id":24524,"date":"2019-03-28T10:15:55","date_gmt":"2019-03-28T14:15:55","guid":{"rendered":"https:\/\/linitiative.ca\/International\/chlef-neutralisation-dun-reseau-regional-specialise-dans-la-falsification-de-visas-schengen\/"},"modified":"2019-03-28T10:15:55","modified_gmt":"2019-03-28T14:15:55","slug":"chlef-neutralisation-dun-reseau-regional-specialise-dans-la-falsification-de-visas-schengen","status":"publish","type":"post","link":"https:\/\/linitiative.ca\/International\/chlef-neutralisation-dun-reseau-regional-specialise-dans-la-falsification-de-visas-schengen\/","title":{"rendered":"Chlef: neutralisation d\u2019un r\u00e9seau r\u00e9gional sp\u00e9cialis\u00e9 dans la falsification de visas Schengen"},"content":{"rendered":"<div>\n<div class=\"K2FeedImage\"><img decoding=\"async\" src=\"http:\/\/www.aps.dz\/media\/k2\/items\/cache\/5850f8b6800fbecef2bd5f69199659b0_S.jpg\" alt=\"Chlef: neutralisation d\u2019un r\u00e9seau r\u00e9gional sp\u00e9cialis\u00e9 dans la falsification de visas Schengen\"><\/div>\n<div class=\"K2FeedIntroText\">\n<p><strong>CHLEF &#8211; Un r\u00e9seau r\u00e9gional sp\u00e9cialis\u00e9 dans la falsification de visas Schengen a \u00e9t\u00e9 mis hors d\u2019\u00e9tat de nuire par la Brigade de recherches et d\u2019intervention (BRI) de la s\u00fbret\u00e9 de wilaya de Chlef, a-t-on appris jeudi aupr\u00e8s de la cellule de communication relevant de cette direction s\u00e9curitaire.<\/strong><\/p>\n<\/div>\n<div class=\"K2FeedFullText\">\n<p>Cette op\u00e9ration a \u00e9t\u00e9 r\u00e9alis\u00e9e sur la base d\u2019informations parvenues \u00e0 la BRI, portant sur des personnes qui auraient escroqu\u00e9 des citoyens, en falsifiant des dossiers pour l\u2019obtention de visas, a indiqu\u00e9 \u00e0 l\u2019APS le commissaire de police Cherif Ankoud, pr\u00e9cisant que ce r\u00e9seau d\u2019escrocs activait \u00e0 Chlef et dans des wilayas voisines.<\/p>\n<p>\u00a0<\/p>\n<p style=\"text-align: center;\"><img decoding=\"async\" src=\"http:\/\/www.aps.dz\/images\/actualite-photos\/regions\/chlef1.jpg\" alt=\"\"><\/p>\n<p>\u00a0<\/p>\n<blockquote>\n<p><em><strong>La mise hors d\u2019\u00e9tat de nuire de ce r\u00e9seau a abouti \u00e0 l\u2019arrestation de quatre individus, \u00e2g\u00e9s de 30 \u00e0 43 ans, issus des wilayas de Chlef, Mostaganem et Mascara, outre la saisie de dossiers falsifi\u00e9s et l&rsquo;\u00e9quipement informatique utilis\u00e9 pour falsifier les documents.<\/strong><\/em><\/p>\n<\/blockquote>\n<p>Ils ont \u00e9t\u00e9 pr\u00e9sent\u00e9s devant le tribunal de Chlef pour les chefs d\u2019inculpation de \u00ab\u00a0constitution d\u2019une association de malfaiteurs, usage de faux, imitation de sceaux et signatures, escroquerie, et falsification de dossiers et visas\u00a0\u00bb, a ajout\u00e9 la m\u00eame source.<\/p>\n<\/div>\n<\/div>\n<p>Auteur:<br \/>\n<a href=\"http:\/\/www.aps.dz\/regions\/87403-chlef-neutralisation-d-un-reseau-regional-specialise-dans-la-falsification-de-visas-schengen\">Cliquez ici pour lire l&rsquo;article depuis sa source.<\/a><\/p>\n","protected":false},"excerpt":{"rendered":"<p>CHLEF &#8211; Un r\u00e9seau r\u00e9gional sp\u00e9cialis\u00e9 dans la falsification de visas Schengen a \u00e9t\u00e9 mis hors d\u2019\u00e9tat de nuire par la Brigade de recherches et d\u2019intervention (BRI) de la s\u00fbret\u00e9 de wilaya de Chlef, a-t-on appris jeudi aupr\u00e8s de la cellule de communication relevant de cette direction s\u00e9curitaire. Cette op\u00e9ration a \u00e9t\u00e9 r\u00e9alis\u00e9e sur la [&hellip;]<\/p>\n","protected":false},"author":1790,"featured_media":24525,"comment_status":"closed","ping_status":"closed","sticky":false,"template":"","format":"standard","meta":{"fifu_image_url":"","fifu_image_alt":"","footnotes":""},"categories":[53,76],"tags":[],"class_list":["post-24524","post","type-post","status-publish","format-standard","has-post-thumbnail","hentry","category-algerie","category-regions"],"_links":{"self":[{"href":"https:\/\/linitiative.ca\/International\/wp-json\/wp\/v2\/posts\/24524","targetHints":{"allow":["GET"]}}],"collection":[{"href":"https:\/\/linitiative.ca\/International\/wp-json\/wp\/v2\/posts"}],"about":[{"href":"https:\/\/linitiative.ca\/International\/wp-json\/wp\/v2\/types\/post"}],"author":[{"embeddable":true,"href":"https:\/\/linitiative.ca\/International\/wp-json\/wp\/v2\/users\/1790"}],"replies":[{"embeddable":true,"href":"https:\/\/linitiative.ca\/International\/wp-json\/wp\/v2\/comments?post=24524"}],"version-history":[{"count":0,"href":"https:\/\/linitiative.ca\/International\/wp-json\/wp\/v2\/posts\/24524\/revisions"}],"wp:featuredmedia":[{"embeddable":true,"href":"https:\/\/linitiative.ca\/International\/wp-json\/"}],"wp:attachment":[{"href":"https:\/\/linitiative.ca\/International\/wp-json\/wp\/v2\/media?parent=24524"}],"wp:term":[{"taxonomy":"category","embeddable":true,"href":"https:\/\/linitiative.ca\/International\/wp-json\/wp\/v2\/categories?post=24524"},{"taxonomy":"post_tag","embeddable":true,"href":"https:\/\/linitiative.ca\/International\/wp-json\/wp\/v2\/tags?post=24524"}],"curies":[{"name":"wp","href":"https:\/\/api.w.org\/{rel}","templated":true}]}}