{"id":24552,"date":"2019-03-27T19:00:00","date_gmt":"2019-03-27T23:00:00","guid":{"rendered":"https:\/\/linitiative.ca\/International\/ramadhan-proteger-le-pouvoir-dachat\/"},"modified":"2019-03-27T19:00:00","modified_gmt":"2019-03-27T23:00:00","slug":"ramadhan-proteger-le-pouvoir-dachat","status":"publish","type":"post","link":"https:\/\/linitiative.ca\/International\/ramadhan-proteger-le-pouvoir-dachat\/","title":{"rendered":"Ramadhan : Prot\u00e9ger le pouvoir d\u2019achat"},"content":{"rendered":"<p><strong>Le ministre du Commerce, Sa\u00efd Djellab, a mis l&rsquo;accent sur l&rsquo;importance\u00a0 de la communication, de la coordination et de la sensibilisation, en vue de prodiguer\u00a0 un service public meilleur\u00a0 au citoyen, prot\u00e9ger le pouvoir d&rsquo;achat,\u00a0 assurer l&rsquo;approvisionnement,\u00a0 stabiliser les prix et lutter contre la sp\u00e9culation durant\u00a0 le mois de Ramadhan,\u00a0 a indiqu\u00e9 mercredi un communiqu\u00e9 du minist\u00e8re.<\/strong><\/p>\n<p>Pr\u00e9sidant une r\u00e9union de coordination avec le secr\u00e9tariat g\u00e9n\u00e9ral de\u00a0\u00a0 l&rsquo;Union g\u00e9n\u00e9rale des commer\u00e7ants et artisans alg\u00e9riens (UGCAA) et les repr\u00e9sentants d&rsquo;associations de consommateurs, en pr\u00e9vision du mois de\u00a0\u00a0 Ramadhan, le ministre a salu\u00e9 \u00able r\u00f4le important des agriculteurs et des distributeurs dans l&rsquo;approvisionnement des march\u00e9s de gros et de d\u00e9tail\u00bb, soulignant \u00abla n\u00e9cessit\u00e9 de communiquer avec eux afin d&rsquo;\u00e9viter tout\u00a0\u00a0 dysfonctionnement dans la cha\u00eene d&rsquo;approvisionnement\u00bb. Dans ce cadre, il a expliqu\u00e9 aux partenaires professionnels que \u00ables consommateurs ont grand besoin d&rsquo;actions de sensibilisation, qui doivent \u00eatre men\u00e9es, notamment par les associations de protection des consommateurs\u00bb.<\/p>\n<p>Auteur: elmoudjahid<br \/>\n<a href=\"http:\/\/www.elmoudjahid.com\/fr\/actualites\/135216\">Cliquez ici pour lire l&rsquo;article depuis sa source.<\/a><\/p>\n","protected":false},"excerpt":{"rendered":"<p>Le ministre du Commerce, Sa\u00efd Djellab, a mis l&rsquo;accent sur l&rsquo;importance\u00a0 de la communication, de la coordination et de la sensibilisation, en vue de prodiguer\u00a0 un service public meilleur\u00a0 au citoyen, prot\u00e9ger le pouvoir d&rsquo;achat,\u00a0 assurer l&rsquo;approvisionnement,\u00a0 stabiliser les prix et lutter contre la sp\u00e9culation durant\u00a0 le mois de Ramadhan,\u00a0 a indiqu\u00e9 mercredi un communiqu\u00e9 [&hellip;]<\/p>\n","protected":false},"author":1744,"featured_media":0,"comment_status":"closed","ping_status":"closed","sticky":false,"template":"","format":"standard","meta":{"fifu_image_url":"","fifu_image_alt":"","footnotes":""},"categories":[73,53],"tags":[],"class_list":["post-24552","post","type-post","status-publish","format-standard","hentry","category-actualite","category-algerie"],"_links":{"self":[{"href":"https:\/\/linitiative.ca\/International\/wp-json\/wp\/v2\/posts\/24552","targetHints":{"allow":["GET"]}}],"collection":[{"href":"https:\/\/linitiative.ca\/International\/wp-json\/wp\/v2\/posts"}],"about":[{"href":"https:\/\/linitiative.ca\/International\/wp-json\/wp\/v2\/types\/post"}],"author":[{"embeddable":true,"href":"https:\/\/linitiative.ca\/International\/wp-json\/wp\/v2\/users\/1744"}],"replies":[{"embeddable":true,"href":"https:\/\/linitiative.ca\/International\/wp-json\/wp\/v2\/comments?post=24552"}],"version-history":[{"count":0,"href":"https:\/\/linitiative.ca\/International\/wp-json\/wp\/v2\/posts\/24552\/revisions"}],"wp:attachment":[{"href":"https:\/\/linitiative.ca\/International\/wp-json\/wp\/v2\/media?parent=24552"}],"wp:term":[{"taxonomy":"category","embeddable":true,"href":"https:\/\/linitiative.ca\/International\/wp-json\/wp\/v2\/categories?post=24552"},{"taxonomy":"post_tag","embeddable":true,"href":"https:\/\/linitiative.ca\/International\/wp-json\/wp\/v2\/tags?post=24552"}],"curies":[{"name":"wp","href":"https:\/\/api.w.org\/{rel}","templated":true}]}}