{"id":24553,"date":"2019-03-27T19:00:00","date_gmt":"2019-03-27T23:00:00","guid":{"rendered":"https:\/\/linitiative.ca\/International\/sortie-de-la-22e-promotion-daop-a-sidi-bel-abbes-a-lecoute-du-citoyen\/"},"modified":"2019-03-27T19:00:00","modified_gmt":"2019-03-27T23:00:00","slug":"sortie-de-la-22e-promotion-daop-a-sidi-bel-abbes-a-lecoute-du-citoyen","status":"publish","type":"post","link":"https:\/\/linitiative.ca\/International\/sortie-de-la-22e-promotion-daop-a-sidi-bel-abbes-a-lecoute-du-citoyen\/","title":{"rendered":"Sortie de la 22e promotion d\u2019AOP \u00e0 Sidi Bel-Abb\u00e8s :  \u00e0 l\u2019\u00e9coute du citoyen"},"content":{"rendered":"<p>Le Directeur g\u00e9n\u00e9ral de la S\u00fbret\u00e9 nationale, M. Abdelkader Kara Bouhedba,\u00a0\u00a0 a pr\u00e9sid\u00e9, hier \u00e0 l\u2019\u00c9cole de police Mohamed-Tayebi-Larbi, la c\u00e9r\u00e9monie de sortie de la\u00a0 22e promotion d\u2019agents de l\u2019ordre public, baptis\u00e9e au nom du martyr du devoir, Bitar Benattou.<br \/>Compos\u00e9e de 969 \u00e9l\u00e9ments, cette promotion a subi un stage de formation lui permettant d\u2019accomplir dans les meilleures conditions ses missions de d\u00e9fense des int\u00e9r\u00eats des biens et des personnes en \u00e9tant guid\u00e9e par les notions d\u2019\u00c9tat de droit et des droits de l\u2019homme. L\u2019intervention du directeur de l\u2019\u00e9tablissement, le commissaire divisionnaire Rachid Dahmani, a rappel\u00e9 le r\u00f4le de l\u2019institution exclusivement au service du citoyen dans le respect des lois de la R\u00e9publique, insistant sur la qualit\u00e9 de la formation au c\u0153ur des priorit\u00e9s de la direction g\u00e9n\u00e9rale, a-t-il soulign\u00e9, relevant l\u2019int\u00e9r\u00eat accord\u00e9 \u00e0 la notion de qualification et \u00e0 la valorisation des ressources humaines. L\u2019intervenant a appel\u00e9 les nouveaux promus \u00e0 faire valoir, dans l\u2019accomplissement de leurs devoirs, le sens de la proximit\u00e9, pour \u00eatre \u00e0 l\u2019\u00e9coute des pulsations de la soci\u00e9t\u00e9 et \u00e9tablir une relation de confiance avec le citoyen.<br \/>Le major de la promotion a, dans son allocution, manifest\u00e9, au nom de ses coll\u00e8gues, tout l\u2019engagement \u00e0 appliquer \u00e0 la lettre les recommandations et enseignements acquis au cours de la formation, et \u00e0 faire preuve de d\u00e9vouement et d\u2019esprit de sacrifice au service du citoyen et du pays. La c\u00e9r\u00e9monie a \u00e9t\u00e9 suivie par l\u2019ex\u00e9cution parfaite de man\u0153uvres et de simulations d\u2019interventions qui traduisent le haut degr\u00e9 de professionnalisation du corps de la police, une institution salu\u00e9e par tout un peuple pour la ma\u00eetrise de sa composante et son sens \u00e9lev\u00e9 de la responsabilit\u00e9, notamment lors des marches populaires.<br \/>Des cadeaux ont \u00e9t\u00e9 ensuite remis aux laur\u00e9ats de cette promotion et aux membres de la famille du martyr du devoir, l\u2019agent de l\u2019ordre public Bitar Benattou, assassin\u00e9 en janvier 1994 devant son domicile, dans la da\u00efra de Telagh. Le directeur g\u00e9n\u00e9ral s\u2019est longuement entretenu avec les nouveaux promus sur le processus de formation, avant de passer en revue un d\u00e9tachement de la promotion qui lui rendait les honneurs.<br \/>Par ailleurs, M. Kara a proc\u00e9d\u00e9 \u00e0 la remise des cl\u00e9s aux 155 b\u00e9n\u00e9ficiaires de logements participatifs, avant que le directeur central de l&rsquo;action sociale ne pr\u00e9sent les actions de promotion des conditions d\u2019exercice de la profession. Il convient de signaler que ce quota figure dans le programme de 25.500 logements au b\u00e9n\u00e9fice du corps.<br \/>A. Bellaha<\/p>\n<p>Auteur: elmoudjahid<br \/>\n<a href=\"http:\/\/www.elmoudjahid.com\/fr\/actualites\/135217\">Cliquez ici pour lire l&rsquo;article depuis sa source.<\/a><\/p>\n","protected":false},"excerpt":{"rendered":"<p>Le Directeur g\u00e9n\u00e9ral de la S\u00fbret\u00e9 nationale, M. Abdelkader Kara Bouhedba,\u00a0\u00a0 a pr\u00e9sid\u00e9, hier \u00e0 l\u2019\u00c9cole de police Mohamed-Tayebi-Larbi, la c\u00e9r\u00e9monie de sortie de la\u00a0 22e promotion d\u2019agents de l\u2019ordre public, baptis\u00e9e au nom du martyr du devoir, Bitar Benattou.Compos\u00e9e de 969 \u00e9l\u00e9ments, cette promotion a subi un stage de formation lui permettant d\u2019accomplir dans [&hellip;]<\/p>\n","protected":false},"author":1744,"featured_media":0,"comment_status":"closed","ping_status":"closed","sticky":false,"template":"","format":"standard","meta":{"fifu_image_url":"","fifu_image_alt":"","footnotes":""},"categories":[73,53],"tags":[],"class_list":["post-24553","post","type-post","status-publish","format-standard","hentry","category-actualite","category-algerie"],"_links":{"self":[{"href":"https:\/\/linitiative.ca\/International\/wp-json\/wp\/v2\/posts\/24553","targetHints":{"allow":["GET"]}}],"collection":[{"href":"https:\/\/linitiative.ca\/International\/wp-json\/wp\/v2\/posts"}],"about":[{"href":"https:\/\/linitiative.ca\/International\/wp-json\/wp\/v2\/types\/post"}],"author":[{"embeddable":true,"href":"https:\/\/linitiative.ca\/International\/wp-json\/wp\/v2\/users\/1744"}],"replies":[{"embeddable":true,"href":"https:\/\/linitiative.ca\/International\/wp-json\/wp\/v2\/comments?post=24553"}],"version-history":[{"count":0,"href":"https:\/\/linitiative.ca\/International\/wp-json\/wp\/v2\/posts\/24553\/revisions"}],"wp:attachment":[{"href":"https:\/\/linitiative.ca\/International\/wp-json\/wp\/v2\/media?parent=24553"}],"wp:term":[{"taxonomy":"category","embeddable":true,"href":"https:\/\/linitiative.ca\/International\/wp-json\/wp\/v2\/categories?post=24553"},{"taxonomy":"post_tag","embeddable":true,"href":"https:\/\/linitiative.ca\/International\/wp-json\/wp\/v2\/tags?post=24553"}],"curies":[{"name":"wp","href":"https:\/\/api.w.org\/{rel}","templated":true}]}}