{"id":24554,"date":"2019-03-27T19:00:00","date_gmt":"2019-03-27T23:00:00","guid":{"rendered":"https:\/\/linitiative.ca\/International\/lutte-contre-le-crime-sous-toutes-ses-formes-necessaire-collaboration-de-toutes-les-parties\/"},"modified":"2019-03-27T19:00:00","modified_gmt":"2019-03-27T23:00:00","slug":"lutte-contre-le-crime-sous-toutes-ses-formes-necessaire-collaboration-de-toutes-les-parties","status":"publish","type":"post","link":"https:\/\/linitiative.ca\/International\/lutte-contre-le-crime-sous-toutes-ses-formes-necessaire-collaboration-de-toutes-les-parties\/","title":{"rendered":"Lutte contre le crime sous toutes ses formes  :  N\u00e9cessaire collaboration de toutes les parties"},"content":{"rendered":"<p>Le Commandant de la Gendarmerie nationale, le\u00a0 g\u00e9n\u00e9ral Ghali Belkecir, a d\u00e9clar\u00e9, hier \u00e0 Alger, que toutes les parties concern\u00e9es doivent collaborer pour lutter contre toutes formes de crime, en vue de pr\u00e9server la s\u00e9curit\u00e9 et la coh\u00e9sion de la soci\u00e9t\u00e9, au regard des profondes mutations qu&rsquo;elle vit.\u00a0 Pr\u00e9sidant l&rsquo;ouverture des travaux d&rsquo;un s\u00e9minaire international sur \u00abLes tendances du crime, mutations sociales et approches pr\u00e9ventives\u00bb, au nom du\u00a0\u00a0 vice-ministre de la D\u00e9fense nationale, chef d&rsquo;\u00c9tat-major de l&rsquo;Arm\u00e9e nationale populaire, le g\u00e9n\u00e9ral de corps d&rsquo;arm\u00e9e, Ahmed Ga\u00efd Salah, le Commandant de la Gendarmerie nationale a insist\u00e9 sur l&rsquo;imp\u00e9rative \u00abd\u00e9finition d&rsquo;une approche globale des orientations des crimes pour prendre des mesures anticip\u00e9es \u00e0 m\u00eame de r\u00e9primer, de traiter et d\u2019\u00e9liminer l&rsquo;impact social et psychologique de l&rsquo;acte criminel\u00bb. Le Commandant de la GN a rappel\u00e9, lors de ce s\u00e9minaire de deux jours, le r\u00f4le que joue \u00able syst\u00e8me de s\u00e9curit\u00e9 national en mati\u00e8re de r\u00e9pression de la criminalit\u00e9 multiformes et de protection de la soci\u00e9t\u00e9, notamment face aux profondes mutations qui l&rsquo;affectent et qui ont invers\u00e9 les normes de\u00a0\u00a0 s\u00e9curit\u00e9 publique\u00bb. Il a pr\u00e9cis\u00e9, dans ce cadre, que ce syst\u00e8me reposait essentiellement sur \u00abl&rsquo;implication de tous les acteurs et \u0153uvre \u00e0 renforcer et \u00e0 adapter\u00a0\u00a0 l&rsquo;arsenal juridique au d\u00e9veloppement de la soci\u00e9t\u00e9, pour concilier s\u00e9curit\u00e9\u00a0\u00a0 sociale et judiciaire des citoyens, en respectant les sp\u00e9cificit\u00e9s de toutes les franges\u00bb.<br \/>Le g\u00e9n\u00e9ral Ghali Belkecir a rappel\u00e9, en outre, \u00abtous les efforts consentis par l&rsquo;Alg\u00e9rie pour mettre en place des l\u00e9gislations punitives et cr\u00e9er des organismes sp\u00e9cialis\u00e9s pour faire face \u00e0 tous les crimes, dont l&rsquo;Organe national de pr\u00e9vention et de lutte contre les crimes li\u00e9s aux TIC, et la\u00a0\u00a0 Loi relative \u00e0 la protection de l&rsquo;enfant de 2015\u00bb. \u00abTous les moyens humains et mat\u00e9riels ont \u00e9t\u00e9 assur\u00e9s et des mesures op\u00e9rationnelles ont \u00e9t\u00e9 prises pour faire avorter les intentions criminelles, \u00e0 travers l&rsquo;application de plans garantissant la cr\u00e9ation d&rsquo;unit\u00e9s qui s&rsquo;adaptent au d\u00e9veloppement du tissu urbain, tout en prenant en consid\u00e9ration les menaces transnationales et la probl\u00e9matique d&rsquo;utilisation des nouvelles technologies \u00e0 des fins criminelles\u00bb. \u00a0<br \/>Abordant le r\u00f4le de la GN dans la lutte contre la criminalit\u00e9, M. Belkecir\u00a0\u00a0 a rappel\u00e9 la contribution consid\u00e9rable de cette institution s\u00e9curitaire \u00e0 \u00abla r\u00e9pression de toutes les formes de violence et de criminalit\u00e9, \u00e0 travers la modernisation des moyens en tirant profit des avanc\u00e9es scientifiques et\u00a0\u00a0 technologiques, et en modernisant les moyens et m\u00e9thodes de recherche et\u00a0\u00a0 d&rsquo;investigation en vue de prodiguer d&rsquo;excellentes prestations dans le respect des droits de l&rsquo;homme et la protection des libert\u00e9s individuelles et collectives\u00bb. La GN contribue, ajoute-t-il, dans \u00abla d\u00e9finition de strat\u00e9gies nationales de lutte contre la criminalit\u00e9 et la programmation des campagnes de sensibilisation, en vue d&rsquo;inculquer les valeurs de conscience, en sus de la\u00a0\u00a0 conclusion d&rsquo;accords avec tous les secteurs concern\u00e9s afin de prot\u00e9ger les\u00a0\u00a0 franges vuln\u00e9rables de la soci\u00e9t\u00e9, faisant \u00e9tat de l&rsquo;accord conclu avec le\u00a0\u00a0 secteur de l&rsquo;\u00c9ducation pour la pr\u00e9vention contre la violence scolaire\u00bb.\u00a0<\/p>\n<p>Auteur: elmoudjahid<br \/>\n<a href=\"http:\/\/www.elmoudjahid.com\/fr\/actualites\/135218\">Cliquez ici pour lire l&rsquo;article depuis sa source.<\/a><\/p>\n","protected":false},"excerpt":{"rendered":"<p>Le Commandant de la Gendarmerie nationale, le\u00a0 g\u00e9n\u00e9ral Ghali Belkecir, a d\u00e9clar\u00e9, hier \u00e0 Alger, que toutes les parties concern\u00e9es doivent collaborer pour lutter contre toutes formes de crime, en vue de pr\u00e9server la s\u00e9curit\u00e9 et la coh\u00e9sion de la soci\u00e9t\u00e9, au regard des profondes mutations qu&rsquo;elle vit.\u00a0 Pr\u00e9sidant l&rsquo;ouverture des travaux d&rsquo;un s\u00e9minaire international [&hellip;]<\/p>\n","protected":false},"author":1744,"featured_media":0,"comment_status":"closed","ping_status":"closed","sticky":false,"template":"","format":"standard","meta":{"fifu_image_url":"","fifu_image_alt":"","footnotes":""},"categories":[73,53],"tags":[],"class_list":["post-24554","post","type-post","status-publish","format-standard","hentry","category-actualite","category-algerie"],"_links":{"self":[{"href":"https:\/\/linitiative.ca\/International\/wp-json\/wp\/v2\/posts\/24554","targetHints":{"allow":["GET"]}}],"collection":[{"href":"https:\/\/linitiative.ca\/International\/wp-json\/wp\/v2\/posts"}],"about":[{"href":"https:\/\/linitiative.ca\/International\/wp-json\/wp\/v2\/types\/post"}],"author":[{"embeddable":true,"href":"https:\/\/linitiative.ca\/International\/wp-json\/wp\/v2\/users\/1744"}],"replies":[{"embeddable":true,"href":"https:\/\/linitiative.ca\/International\/wp-json\/wp\/v2\/comments?post=24554"}],"version-history":[{"count":0,"href":"https:\/\/linitiative.ca\/International\/wp-json\/wp\/v2\/posts\/24554\/revisions"}],"wp:attachment":[{"href":"https:\/\/linitiative.ca\/International\/wp-json\/wp\/v2\/media?parent=24554"}],"wp:term":[{"taxonomy":"category","embeddable":true,"href":"https:\/\/linitiative.ca\/International\/wp-json\/wp\/v2\/categories?post=24554"},{"taxonomy":"post_tag","embeddable":true,"href":"https:\/\/linitiative.ca\/International\/wp-json\/wp\/v2\/tags?post=24554"}],"curies":[{"name":"wp","href":"https:\/\/api.w.org\/{rel}","templated":true}]}}