{"id":24555,"date":"2019-03-27T19:00:00","date_gmt":"2019-03-27T23:00:00","guid":{"rendered":"https:\/\/linitiative.ca\/International\/deces-de-ben-amar-benaissa-un-grand-moudjahid\/"},"modified":"2019-03-27T19:00:00","modified_gmt":"2019-03-27T23:00:00","slug":"deces-de-ben-amar-benaissa-un-grand-moudjahid","status":"publish","type":"post","link":"https:\/\/linitiative.ca\/International\/deces-de-ben-amar-benaissa-un-grand-moudjahid\/","title":{"rendered":"D\u00e9c\u00e8s De Ben Amar Bena\u00efssa : Un grand moudjahid"},"content":{"rendered":"<p>Le moudjahid Ben Amar Bena\u00efssa est d\u00e9c\u00e9d\u00e9 \u00e0 Tlemcen \u00e0 l&rsquo;\u00e2ge de 78 ans. N\u00e9 le 21 d\u00e9cembre 1941 \u00e0 Ouled Riah, \u00e0 Tlemcen, le d\u00e9funt qui a vou\u00e9 sa vie pour le militantisme a ralli\u00e9 les rangs de l&rsquo;Arm\u00e9e de lib\u00e9ration en 1957, \u00e0 la 5e Wilaya historique, participant avec ses compagnons d&rsquo;armes \u00e0 plusieurs batailles et op\u00e9rations militaires, dont Djbel Asfour\u00a0\u00a0 (Tlemcen), o\u00f9 il a perdu un bras et les deux jambes, avant d\u2019\u00eatre emprisonn\u00e9 en f\u00e9vrier 1961. Le d\u00e9funt a poursuivi, au lendemain de l&rsquo;ind\u00e9pendance, son parcours de militant au sein de l&rsquo;Association nationale des grands invalides de la guerre de Lib\u00e9ration. \u00a0<\/p>\n<p><strong>CONDOL\u00c9ANCES<\/strong><br \/>Le ministre des Moudjahidine, tr\u00e8s affect\u00e9 par le d\u00e9c\u00e8s du moudjahid Ben Amer Ben A\u00efssa, invalide de la guerre de Lib\u00e9ration, survenu \u00e0 l\u2019\u00e2ge de 78 ans, pr\u00e9sente, en cette p\u00e9nible circonstance, ses sinc\u00e8res condol\u00e9ances \u00e0 la famille du d\u00e9funt et \u00e0 ses compagnons de lutte. Et les prie de trouver ici l\u2019expression de sa sinc\u00e8re compassion. \u00ab \u00c0 Dieu nous appartenons, et \u00e0 Lui nous retournons. \u00bb<\/p>\n<p>Auteur: elmoudjahid<br \/>\n<a href=\"http:\/\/www.elmoudjahid.com\/fr\/actualites\/135219\">Cliquez ici pour lire l&rsquo;article depuis sa source.<\/a><\/p>\n","protected":false},"excerpt":{"rendered":"<p>Le moudjahid Ben Amar Bena\u00efssa est d\u00e9c\u00e9d\u00e9 \u00e0 Tlemcen \u00e0 l&rsquo;\u00e2ge de 78 ans. N\u00e9 le 21 d\u00e9cembre 1941 \u00e0 Ouled Riah, \u00e0 Tlemcen, le d\u00e9funt qui a vou\u00e9 sa vie pour le militantisme a ralli\u00e9 les rangs de l&rsquo;Arm\u00e9e de lib\u00e9ration en 1957, \u00e0 la 5e Wilaya historique, participant avec ses compagnons d&rsquo;armes \u00e0 [&hellip;]<\/p>\n","protected":false},"author":1744,"featured_media":0,"comment_status":"closed","ping_status":"closed","sticky":false,"template":"","format":"standard","meta":{"fifu_image_url":"","fifu_image_alt":"","footnotes":""},"categories":[73,53],"tags":[],"class_list":["post-24555","post","type-post","status-publish","format-standard","hentry","category-actualite","category-algerie"],"_links":{"self":[{"href":"https:\/\/linitiative.ca\/International\/wp-json\/wp\/v2\/posts\/24555","targetHints":{"allow":["GET"]}}],"collection":[{"href":"https:\/\/linitiative.ca\/International\/wp-json\/wp\/v2\/posts"}],"about":[{"href":"https:\/\/linitiative.ca\/International\/wp-json\/wp\/v2\/types\/post"}],"author":[{"embeddable":true,"href":"https:\/\/linitiative.ca\/International\/wp-json\/wp\/v2\/users\/1744"}],"replies":[{"embeddable":true,"href":"https:\/\/linitiative.ca\/International\/wp-json\/wp\/v2\/comments?post=24555"}],"version-history":[{"count":0,"href":"https:\/\/linitiative.ca\/International\/wp-json\/wp\/v2\/posts\/24555\/revisions"}],"wp:attachment":[{"href":"https:\/\/linitiative.ca\/International\/wp-json\/wp\/v2\/media?parent=24555"}],"wp:term":[{"taxonomy":"category","embeddable":true,"href":"https:\/\/linitiative.ca\/International\/wp-json\/wp\/v2\/categories?post=24555"},{"taxonomy":"post_tag","embeddable":true,"href":"https:\/\/linitiative.ca\/International\/wp-json\/wp\/v2\/tags?post=24555"}],"curies":[{"name":"wp","href":"https:\/\/api.w.org\/{rel}","templated":true}]}}