{"id":24556,"date":"2019-03-27T19:00:00","date_gmt":"2019-03-27T23:00:00","guid":{"rendered":"https:\/\/linitiative.ca\/International\/commemoration-du-59e-anniversaire-de-la-mort-du-colonel-lotfi\/"},"modified":"2019-03-27T19:00:00","modified_gmt":"2019-03-27T23:00:00","slug":"commemoration-du-59e-anniversaire-de-la-mort-du-colonel-lotfi","status":"publish","type":"post","link":"https:\/\/linitiative.ca\/International\/commemoration-du-59e-anniversaire-de-la-mort-du-colonel-lotfi\/","title":{"rendered":"Comm\u00e9moration du 59e anniversaire de la mort du Colonel Lotfi"},"content":{"rendered":"<p>La comm\u00e9moration du 59e anniversaire de la mort du colonel Lotfi et de ses compagnons, les commandants Farradj, Zaoui Cheikh et Brik Ahmed, le 27 mars 1960, lors de la glorieuse bataille de Djebel B\u00e9char, a donn\u00e9 lieu hier \u00e0 une c\u00e9r\u00e9monie de recueillement en pr\u00e9sence de leurs familles.\u00a0 La c\u00e9r\u00e9monie, qui s\u2019est d\u00e9roul\u00e9e sur le\u00a0 lieu m\u00eame de cette bataille pr\u00e8s de B\u00e9char, a \u00e9t\u00e9 marqu\u00e9e par un d\u00e9p\u00f4t de gerbes de fleurs et la\u00a0\u00a0 lev\u00e9e des couleurs. Plusieurs moudjahidine et des membres des familles des martyrs ont soulign\u00e9 les sacrifices consentis par le colonel Lotfi et ses compagnons, pour la lib\u00e9ration du pays. En marge de cette c\u00e9r\u00e9monie, une exposition de documents photographiques sur les activit\u00e9s politiques et militaires du FLN-ALN dans la Wilaya V historique et sp\u00e9cialement la zone huit a \u00e9t\u00e9 organis\u00e9e au mus\u00e9e local du Moudjahid.<br \/>\u00a0<\/p>\n<p>Auteur: elmoudjahid<br \/>\n<a href=\"http:\/\/www.elmoudjahid.com\/fr\/actualites\/135220\">Cliquez ici pour lire l&rsquo;article depuis sa source.<\/a><\/p>\n","protected":false},"excerpt":{"rendered":"<p>La comm\u00e9moration du 59e anniversaire de la mort du colonel Lotfi et de ses compagnons, les commandants Farradj, Zaoui Cheikh et Brik Ahmed, le 27 mars 1960, lors de la glorieuse bataille de Djebel B\u00e9char, a donn\u00e9 lieu hier \u00e0 une c\u00e9r\u00e9monie de recueillement en pr\u00e9sence de leurs familles.\u00a0 La c\u00e9r\u00e9monie, qui s\u2019est d\u00e9roul\u00e9e sur [&hellip;]<\/p>\n","protected":false},"author":1744,"featured_media":0,"comment_status":"closed","ping_status":"closed","sticky":false,"template":"","format":"standard","meta":{"fifu_image_url":"","fifu_image_alt":"","footnotes":""},"categories":[73,53],"tags":[],"class_list":["post-24556","post","type-post","status-publish","format-standard","hentry","category-actualite","category-algerie"],"_links":{"self":[{"href":"https:\/\/linitiative.ca\/International\/wp-json\/wp\/v2\/posts\/24556","targetHints":{"allow":["GET"]}}],"collection":[{"href":"https:\/\/linitiative.ca\/International\/wp-json\/wp\/v2\/posts"}],"about":[{"href":"https:\/\/linitiative.ca\/International\/wp-json\/wp\/v2\/types\/post"}],"author":[{"embeddable":true,"href":"https:\/\/linitiative.ca\/International\/wp-json\/wp\/v2\/users\/1744"}],"replies":[{"embeddable":true,"href":"https:\/\/linitiative.ca\/International\/wp-json\/wp\/v2\/comments?post=24556"}],"version-history":[{"count":0,"href":"https:\/\/linitiative.ca\/International\/wp-json\/wp\/v2\/posts\/24556\/revisions"}],"wp:attachment":[{"href":"https:\/\/linitiative.ca\/International\/wp-json\/wp\/v2\/media?parent=24556"}],"wp:term":[{"taxonomy":"category","embeddable":true,"href":"https:\/\/linitiative.ca\/International\/wp-json\/wp\/v2\/categories?post=24556"},{"taxonomy":"post_tag","embeddable":true,"href":"https:\/\/linitiative.ca\/International\/wp-json\/wp\/v2\/tags?post=24556"}],"curies":[{"name":"wp","href":"https:\/\/api.w.org\/{rel}","templated":true}]}}