{"id":24557,"date":"2019-03-27T19:00:00","date_gmt":"2019-03-27T23:00:00","guid":{"rendered":"https:\/\/linitiative.ca\/International\/sans-jamais-secarter-de-ses-missions-constitutionnelles-lanp-fera-face-aux-defis\/"},"modified":"2019-03-27T19:00:00","modified_gmt":"2019-03-27T23:00:00","slug":"sans-jamais-secarter-de-ses-missions-constitutionnelles-lanp-fera-face-aux-defis","status":"publish","type":"post","link":"https:\/\/linitiative.ca\/International\/sans-jamais-secarter-de-ses-missions-constitutionnelles-lanp-fera-face-aux-defis\/","title":{"rendered":"Sans jamais s\u2019\u00e9carter de ses missions constitutionnelles : L\u2019ANP fera face aux d\u00e9fis"},"content":{"rendered":"<p><strong>Le g\u00e9n\u00e9ral de corps d&rsquo;Arm\u00e9e, Ahmed Ga\u00efd Salah, vice-ministre de la D\u00e9fense nationale, chef d&rsquo;\u00e9tat-major de l&rsquo;Arm\u00e9e nationale populaire (ANP),\u00a0 a assur\u00e9 hier que l&rsquo;ANP \u00abfera face, avec fermet\u00e9 et d\u00e9termination, aux d\u00e9fis consid\u00e9rables, conform\u00e9ment \u00e0 nos missions constitutionnelles desquelles nous ne nous \u00e9carterons jamais\u00bb, a indiqu\u00e9 un communiqu\u00e9 du MDN.<\/strong><\/p>\n<p>\u00abNotre pays vit dans un environnement r\u00e9gional tendu et instable, qui conna\u00eet une recrudescence de tous les types de fl\u00e9aux, entre autres, le terrorisme et la criminalit\u00e9 organis\u00e9e multiforme, qui constituent des d\u00e9fis consid\u00e9rables auxquels nous devons, au sein de l\u2019ANP, faire face avec fermet\u00e9 et d\u00e9termination, conform\u00e9ment \u00e0 nos missions constitutionnelles desquelles nous ne nous \u00e9carterons jamais\u00bb, a-t-il affirm\u00e9 lors d&rsquo;une allocution d\u2019orientation au deuxi\u00e8me jour de sa visite dans la 4e R\u00e9gion militaire (Ouargla). Pour lui, l&rsquo;Arm\u00e9e a pu franchir \u00abde grandes \u00e9tapes dans tous les domaines, n\u00e9anmoins, notre ambition \u00e0 r\u00e9aliser davantage d&rsquo;acquis sur tous les plans m\u2019am\u00e8ne, en cette heureuse occasion, \u00e0 mettre l\u2019accent, avec vous, personnels de la 4e R\u00e9gion militaire, sur l\u2019importance de redoubler de vigilance et de continuer \u00e0 \u0153uvrer avec la m\u00eame cadence et la m\u00eame d\u00e9termination \u00e0 concr\u00e9tiser nos objectifs escompt\u00e9s et ce, afin de s\u00e9curiser nos fronti\u00e8res nationales, toutes nos fronti\u00e8res nationales (&#8230;)\u00bb.<br \/>A l\u2019Ecole d\u2019application de d\u00e9fense contre a\u00e9ronefs, le g\u00e9n\u00e9ral de corps d\u2019Arm\u00e9e s\u2019est r\u00e9uni avec les cadres et les personnels du Secteur militaire de Laghouat, o\u00f9 il a prononc\u00e9 cette allocution d\u2019orientation, diffus\u00e9e \u00e0 l\u2019ensemble des unit\u00e9s de la R\u00e9gion, et dans laquelle il a r\u00e9affirm\u00e9 que la s\u00e9curisation \u00abtotale et permanente des fronti\u00e8res de notre pays est une mission noble qui exige de l\u2019ANP l\u2019acquisition de tous les facteurs de puissance et de veiller \u00e0 leur d\u00e9veloppement en permanence, tout en rappelant les liens solides entre le peuple alg\u00e9rien et son arm\u00e9e\u00bb. \u00abEn \u00e9voquant ce lien solide et vital qui unit le peuple alg\u00e9rien \u00e0 son arm\u00e9e, ce lien dont la force est illustr\u00e9e \u00e0 travers cette interaction affective exprim\u00e9e par les \u00e9lans de solidarit\u00e9 entre le peuple et son arm\u00e9e lors des \u00e9preuves et malheurs, nous sommes convaincus que ce lien vital qui n\u2019a jamais \u00e9t\u00e9 rompu, quelles que soient les circonstances, et qui unira \u00e0 jamais l\u2019Arm\u00e9e Nationale Populaire \u00e0 son peuple dans tout le territoire national, est un lien sacr\u00e9, qui puise sa grandeur dans les particularit\u00e9s du peuple alg\u00e9rien et dans la singularit\u00e9 de l\u2019histoire de l\u2019Alg\u00e9rie et de ses fronti\u00e8res \u00e9tendues\u00bb, a-t-il soulign\u00e9.<br \/>\u00abAinsi, le devoir d\u2019asseoir le sentiment de qui\u00e9tude et de s\u00e9r\u00e9nit\u00e9 dans les c\u0153urs des enfants du peuple alg\u00e9rien est un devoir national, auquel nous accordons, au sein de l\u2019ANP, une importance extr\u00eame, en \u0153uvrant sans rel\u00e2che \u00e0 \u00eatre \u00e0 la hauteur de ce noble devoir\u00bb, a-t-il ajout\u00e9. Le g\u00e9n\u00e9ral de corps d&rsquo;Arm\u00e9e a soutenu qu&rsquo; \u00abil n\u2019y a aucune crainte pour le pr\u00e9sent de l\u2019Alg\u00e9rie, ni pour son avenir, avec ce peuple \u00e9veill\u00e9 et conscient de l\u2019int\u00e9r\u00eat supr\u00eame de son pays, et il n\u2019y a nulle crainte pour l\u2019Alg\u00e9rie et pour son avenir avec cette ANP, qui respire l&rsquo;air de sa Patrie et dont le c\u0153ur bat pour chaque parcelle de sa terre b\u00e9nie\u00bb. Pour lui, \u00abcette patrie dont les fils ont fait montre, \u00e0 travers l\u2019ensemble du territoire national et en tout temps, qu\u2019ils accordent \u00e0 la dignit\u00e9 et \u00e0 la fiert\u00e9 port\u00e9es \u00e0 leur patrie une dimension et une port\u00e9e sans limites, et qui sont intransigeants avec leurs ennemis et indulgents entre eux-m\u00eames, je dis, cette patrie saura comment surmonter ces \u00e9preuves et ces crises. Il en est de m\u00eame pour l\u2019ANP, qui puise dans ces valeurs authentiques et qui saura, en temps opportun, privil\u00e9gier l\u2019int\u00e9r\u00eat de la patrie sur tous les autres int\u00e9r\u00eats. Et quel int\u00e9r\u00eat serait au-dessus de celui de la Nation ?\u00bb Le g\u00e9n\u00e9ral de corps d\u2019Arm\u00e9e a rappel\u00e9 encore une fois les \u00abgrandes \u00e9tapes\u00bb franchies par l\u2019ANP dans la dynamique de d\u00e9veloppement de ses diff\u00e9rentes composantes et d\u2019optimisation des capacit\u00e9s de nos Forces arm\u00e9es \u00abqui veillent, de jour comme de nuit, sur la s\u00e9curit\u00e9 et la stabilit\u00e9 de l\u2019Alg\u00e9rie, en exhortant l\u2019ensemble \u00e0 consentir davantage d\u2019efforts pers\u00e9v\u00e9rants\u00bb.<br \/>Lors du deuxi\u00e8me jour de sa visite en 4e R\u00e9gion militaire, le g\u00e9n\u00e9ral de corps d\u2019Arm\u00e9e a inspect\u00e9 quelques unit\u00e9s relevant du Secteur militaire de Laghouat, et a tenu une rencontre avec les cadres et les personnels. A l\u2019entame et apr\u00e8s la c\u00e9r\u00e9monie d\u2019accueil au niveau de la Base a\u00e9rienne, le g\u00e9n\u00e9ral de corps d\u2019Arm\u00e9e, accompagn\u00e9 du g\u00e9n\u00e9ral-major Hassan Ala\u00efmia, commandant de la 4e R\u00e9gion militaire, a suivi un expos\u00e9 global sur cette Base pr\u00e9sent\u00e9 par son commandant, portant sur ses missions principales, avant d\u2019inspecter sur le terrain les diff\u00e9rents grands moyens a\u00e9riens, et rencontrer ensuite les \u00e9quipages, o\u00f9 il a mis l\u2019accent sur la n\u00e9cessit\u00e9 d\u2019accorder une \u00abimportance capitale\u00bb \u00e0 la pr\u00e9paration au combat afin de maintenir la disponibilit\u00e9 \u00ab\u00e0 ses plus hauts niveaux\u00bb. A l\u2019issue de la rencontre, le g\u00e9n\u00e9ral de corps d&rsquo;Arm\u00e9e a \u00e9cout\u00e9 les interventions des cadres et des personnels de la R\u00e9gion qui ont r\u00e9it\u00e9r\u00e9 leur \u00abimmuable engagement\u00bb \u00e0 accomplir leurs missions avec \u00abloyaut\u00e9 et d\u00e9vouement au service de la patrie\u00bb.<br \/>\u00a0<\/p>\n<p>Auteur: elmoudjahid<br \/>\n<a href=\"http:\/\/www.elmoudjahid.com\/fr\/actualites\/135221\">Cliquez ici pour lire l&rsquo;article depuis sa source.<\/a><\/p>\n","protected":false},"excerpt":{"rendered":"<p>Le g\u00e9n\u00e9ral de corps d&rsquo;Arm\u00e9e, Ahmed Ga\u00efd Salah, vice-ministre de la D\u00e9fense nationale, chef d&rsquo;\u00e9tat-major de l&rsquo;Arm\u00e9e nationale populaire (ANP),\u00a0 a assur\u00e9 hier que l&rsquo;ANP \u00abfera face, avec fermet\u00e9 et d\u00e9termination, aux d\u00e9fis consid\u00e9rables, conform\u00e9ment \u00e0 nos missions constitutionnelles desquelles nous ne nous \u00e9carterons jamais\u00bb, a indiqu\u00e9 un communiqu\u00e9 du MDN. \u00abNotre pays vit dans [&hellip;]<\/p>\n","protected":false},"author":1744,"featured_media":0,"comment_status":"closed","ping_status":"closed","sticky":false,"template":"","format":"standard","meta":{"fifu_image_url":"","fifu_image_alt":"","footnotes":""},"categories":[73,53],"tags":[],"class_list":["post-24557","post","type-post","status-publish","format-standard","hentry","category-actualite","category-algerie"],"_links":{"self":[{"href":"https:\/\/linitiative.ca\/International\/wp-json\/wp\/v2\/posts\/24557","targetHints":{"allow":["GET"]}}],"collection":[{"href":"https:\/\/linitiative.ca\/International\/wp-json\/wp\/v2\/posts"}],"about":[{"href":"https:\/\/linitiative.ca\/International\/wp-json\/wp\/v2\/types\/post"}],"author":[{"embeddable":true,"href":"https:\/\/linitiative.ca\/International\/wp-json\/wp\/v2\/users\/1744"}],"replies":[{"embeddable":true,"href":"https:\/\/linitiative.ca\/International\/wp-json\/wp\/v2\/comments?post=24557"}],"version-history":[{"count":0,"href":"https:\/\/linitiative.ca\/International\/wp-json\/wp\/v2\/posts\/24557\/revisions"}],"wp:attachment":[{"href":"https:\/\/linitiative.ca\/International\/wp-json\/wp\/v2\/media?parent=24557"}],"wp:term":[{"taxonomy":"category","embeddable":true,"href":"https:\/\/linitiative.ca\/International\/wp-json\/wp\/v2\/categories?post=24557"},{"taxonomy":"post_tag","embeddable":true,"href":"https:\/\/linitiative.ca\/International\/wp-json\/wp\/v2\/tags?post=24557"}],"curies":[{"name":"wp","href":"https:\/\/api.w.org\/{rel}","templated":true}]}}