{"id":24558,"date":"2019-03-27T19:00:00","date_gmt":"2019-03-27T23:00:00","guid":{"rendered":"https:\/\/linitiative.ca\/International\/les-algeriens-tres-branches-sur-lactualite-du-pays-appel-au-respect-de-la-constitution\/"},"modified":"2019-03-27T19:00:00","modified_gmt":"2019-03-27T23:00:00","slug":"les-algeriens-tres-branches-sur-lactualite-du-pays-appel-au-respect-de-la-constitution","status":"publish","type":"post","link":"https:\/\/linitiative.ca\/International\/les-algeriens-tres-branches-sur-lactualite-du-pays-appel-au-respect-de-la-constitution\/","title":{"rendered":"Les Alg\u00e9riens, tr\u00e8s branch\u00e9s sur l\u2019actualit\u00e9 du pays :  appel au respect de la Constitution"},"content":{"rendered":"<p>De plus en plus, les\u00a0 places, boulevards et rues de nos villes se transforment en ar\u00e8nes de d\u00e9bats et forums de discussions parfois houleux, entre les citoyens, branch\u00e9s plus que jamais,\u00a0 sur l\u2019actualit\u00e9 politique du pays, et d\u00e9sirant \u00e9changer leurs opinions, id\u00e9es et aspirations sur l\u2019aboutissement du sursaut populaire d\u00e9clench\u00e9 il y a un peu\u00a0 plus d\u2019un mois, pour \u00abexiger le d\u00e9part du syst\u00e8me\u00bb.<br \/>\u00abC\u2019est une manifestation, pas un festival\u00bb, peut-on lire sur l\u2019une des pancartes brandies par un groupe de manifestants regroup\u00e9s, hier, au niveau de la Grande Poste. Ils \u00e9taient quelques dizaines, de diff\u00e9rents profils, de diff\u00e9rents \u00e2ges, hommes et femmes ayant improvis\u00e9\u00a0 des discussions \u00absur les derni\u00e8res \u00e9volutions des \u00e9v\u00e9nements\u00bb.<br \/>Ils estiment qu\u2019il est temps \u00abde donner la parole au peuple et entendre\u00a0 la voix de la rue\u00bb et appellent \u00abau respect de la Constitution\u00bb. Ou encore \u00abMkul agdud Yehwadj Tilleli \u00bb (chaque peuple a besoin de libert\u00e9) crie avec \u00e9nergie cette quinquag\u00e9naire, en interrompant une petite discussion entre plusieurs personnes qui ne se connaissent pas,\u00a0 mais qui se sont rencontr\u00e9es sur place et entendues sur une r\u00e9flexion commune, apr\u00e8s d\u2019\u00e2pres discussions, quant au fait que\u00a0 ce \u00abmouvement s\u2019est d\u00e9clench\u00e9 apr\u00e8s le constat fait sur la paralysie du pays\u00bb,\u00a0 lance l\u2019un d\u2019entre eux. \u00ab Les manifestants ont montr\u00e9 aux sceptiques que ce peuple est conscient des dangers et menaces qui le guettent\u00bb, s\u2019exprime un autre. Muni d\u2019un smartphone branch\u00e9 pour relier, \u00aben direct\u00bb, sur les r\u00e9seaux sociaux, ce qui se passe au sein de ce rassemblement,\u00a0 afin de\u00a0 lui donner \u00abun large \u00e9cho\u00bb. \u00abUne Alg\u00e9rie meilleure, une Alg\u00e9rie diff\u00e9rente, c\u2019est nous \u00bb. Il donne envie d\u2019y croire. Selon les experts et politologues sollicit\u00e9s, l&rsquo;histoire de la lutte du peuple alg\u00e9rien\u00a0 d\u00e9montre\u00a0 que \u00ab la majorit\u00e9 silencieuse\u00bb\u00a0 veut r\u00e9cup\u00e9rer aujourd\u2019hui son espace public et est consciente que\u00a0 \u00able peuple est la source de tout pouvoir\u00bb ou encore que\u00a0 \u00abla souverainet\u00e9 nationale appartient exclusivement au peuple\u00bb, comme le stipule l\u2019article 7 de la Constitution. Nous sommes loin de la \u00abcol\u00e8re de la foule\u00bb, et plus proches de \u00abl\u2019intelligence collective\u00bb.<br \/>Ce qui est remarquable, apr\u00e8s quatre vendredis de manifestations pacifiques, c\u2019est, justement, cette \u00abintelligence collective\u00bb qui \u00e9merge au sein de ce mouvement, pour paraphraser ces politologues et commentateurs qui se sont exprim\u00e9s, ont analys\u00e9 et comment\u00e9 longuement les \u00e9v\u00e8nements qui semblent durer dans le temps.<br \/>Ce qui est remarquable aussi, toujours selon ces experts, c\u2019est que les fondamentaux ne sont pas touch\u00e9s ; les Alg\u00e9riens ne semblent pas pr\u00eats \u00e0 payer le lourd tribut de la dispersion des rangs, c\u2019est pourquoi ils restent solidaires quant aux constantes nationales et au respect des institutions. En d\u00e9non\u00e7ant tous les discours alimentant la discorde et le conflit, qui ne sont certainement pas propices \u00e0 la revendication de l\u2019unit\u00e9 et au \u00abchangement radical\u00bb, les Alg\u00e9riens barrent la route devant les commer\u00e7ants de la discorde et de la d\u00e9sunion qui, en surfant sur la vague populaire, veulent d\u00e9valoriser le mouvement pour mettre en doute la sinc\u00e9rit\u00e9 des manifestants et leur patriotisme.<br \/>Un autre fait notable, et ce que les sociologues appellent \u00abla force des liens faibles\u00bb, ce sont les relations qui naissent sur les r\u00e9seaux sociaux entre les membres de la communaut\u00e9 des internautes alg\u00e9riens. Des liens qui se mat\u00e9rialisent chaque vendredi donnant la belle image de la coh\u00e9sion populaire, m\u00eame si les intox se jouxtent de plus en plus avec les vraies informations au sein de l\u2019espace virtuel, regroupant tout de m\u00eame plus de vingt millions d\u2019internautes alg\u00e9riens. Ce qui repr\u00e9sente presque la moiti\u00e9 de la population.<br \/>Avec internet et les r\u00e9seaux sociaux, na\u00eet l\u2019id\u00e9e de faire de la politique autrement : soci\u00e9t\u00e9 civile, ind\u00e9pendants et membres de partis, citoyens ordinaires ; une diversification donc des acteurs \u00e9mergeant\u00a0 de la mise en place des \u00abdispositifs\u00bb technologiques. \u00ab D\u00e9sormais les r\u00e9seaux sociaux permettent l\u2019extension et l\u2019\u00e9largissement de la participation citoyenne\u00bb, soulignent les sociologues, conscients de l\u2019apparition de nouveaux\u00a0 ph\u00e9nom\u00e8nes d\u2019expression soci\u00e9taux. En somme, avec ces nouveaux modes de communication, le plus grand nombre est souvent \u00e0 l&rsquo;origine des meilleures d\u00e9cisions, \u00ab pour le changement, et pour une Alg\u00e9rie nouvelle\u00bb. Ce que nous souhaitons tous !<br \/>\u00a0\u00a0\u00a0 Tahar Kaidi<\/p>\n<p>Auteur: elmoudjahid<br \/>\n<a href=\"http:\/\/www.elmoudjahid.com\/fr\/actualites\/135222\">Cliquez ici pour lire l&rsquo;article depuis sa source.<\/a><\/p>\n","protected":false},"excerpt":{"rendered":"<p>De plus en plus, les\u00a0 places, boulevards et rues de nos villes se transforment en ar\u00e8nes de d\u00e9bats et forums de discussions parfois houleux, entre les citoyens, branch\u00e9s plus que jamais,\u00a0 sur l\u2019actualit\u00e9 politique du pays, et d\u00e9sirant \u00e9changer leurs opinions, id\u00e9es et aspirations sur l\u2019aboutissement du sursaut populaire d\u00e9clench\u00e9 il y a un peu\u00a0 [&hellip;]<\/p>\n","protected":false},"author":1744,"featured_media":0,"comment_status":"closed","ping_status":"closed","sticky":false,"template":"","format":"standard","meta":{"fifu_image_url":"","fifu_image_alt":"","footnotes":""},"categories":[73,53],"tags":[],"class_list":["post-24558","post","type-post","status-publish","format-standard","hentry","category-actualite","category-algerie"],"_links":{"self":[{"href":"https:\/\/linitiative.ca\/International\/wp-json\/wp\/v2\/posts\/24558","targetHints":{"allow":["GET"]}}],"collection":[{"href":"https:\/\/linitiative.ca\/International\/wp-json\/wp\/v2\/posts"}],"about":[{"href":"https:\/\/linitiative.ca\/International\/wp-json\/wp\/v2\/types\/post"}],"author":[{"embeddable":true,"href":"https:\/\/linitiative.ca\/International\/wp-json\/wp\/v2\/users\/1744"}],"replies":[{"embeddable":true,"href":"https:\/\/linitiative.ca\/International\/wp-json\/wp\/v2\/comments?post=24558"}],"version-history":[{"count":0,"href":"https:\/\/linitiative.ca\/International\/wp-json\/wp\/v2\/posts\/24558\/revisions"}],"wp:attachment":[{"href":"https:\/\/linitiative.ca\/International\/wp-json\/wp\/v2\/media?parent=24558"}],"wp:term":[{"taxonomy":"category","embeddable":true,"href":"https:\/\/linitiative.ca\/International\/wp-json\/wp\/v2\/categories?post=24558"},{"taxonomy":"post_tag","embeddable":true,"href":"https:\/\/linitiative.ca\/International\/wp-json\/wp\/v2\/tags?post=24558"}],"curies":[{"name":"wp","href":"https:\/\/api.w.org\/{rel}","templated":true}]}}