{"id":24565,"date":"2019-03-27T16:22:00","date_gmt":"2019-03-27T20:22:00","guid":{"rendered":"https:\/\/linitiative.ca\/International\/frenda-tiaret-les-citoyens-revendiquent-le-depart-du-chef-de-daira\/"},"modified":"2019-03-27T16:22:00","modified_gmt":"2019-03-27T20:22:00","slug":"frenda-tiaret-les-citoyens-revendiquent-le-depart-du-chef-de-daira","status":"publish","type":"post","link":"https:\/\/linitiative.ca\/International\/frenda-tiaret-les-citoyens-revendiquent-le-depart-du-chef-de-daira\/","title":{"rendered":"FRENDA (TIARET) : Les citoyens revendiquent le d\u00e9part du chef de da\u00efra"},"content":{"rendered":"<p><br id=\"sep_para_1\" class=\"sep_para access\"\/><\/p>\n<div id=\"para_1\" class=\"para_29994370 resize\">\n<div class=\"photo shadow left\"><a href=\"javascript:void(0)\" rel=\"https:\/\/www.reflexiondz.net\/photo\/art\/grande\/32053673-29994370.jpg?v=1553719384&#038;ibox\" title=\"FRENDA (TIARET) : Les citoyens revendiquent le d\u00e9part du chef de da\u00efra\"><img decoding=\"async\" class=\"responsive c9\" src=\"https:\/\/www.reflexiondz.net\/photo\/art\/grande\/32053673-29994370.jpg?v=1553719384\" alt=\"FRENDA (TIARET) : Les citoyens revendiquent le d\u00e9part du chef de da\u00efra\" title=\"FRENDA (TIARET) : Les citoyens revendiquent le d\u00e9part du chef de da\u00efra\"\/><img decoding=\"async\" class=\"not-responsive\" src=\"https:\/\/www.reflexiondz.net\/photo\/art\/default\/32053673-29994370.jpg?v=1553719385\" alt=\"FRENDA (TIARET) : Les citoyens revendiquent le d\u00e9part du chef de da\u00efra\" title=\"FRENDA (TIARET) : Les citoyens revendiquent le d\u00e9part du chef de da\u00efra\"\/><\/a><\/div>\n<div class=\"texte access firstletter\">Des slogans tr\u00e8s hostiles ont \u00e9t\u00e9 scand\u00e9s par des citoyens , ce mardi, d\u00e9non\u00e7ant la gestion catastrophique du dossier du logement par la da\u00efra de Frenda et revendiquant un agenda de pr\u00e9occupations, tout \u00e0 signaler l\u2019insistance sur le d\u00e9part du chef de da\u00efra, eu \u00e9gard \u00e0 la marginalisation de la commune de Frenda ,deuxi\u00e8me pole urbain au niveau de la wilaya de Tiaret et qui vit un flagrant retard en mati\u00e8re de d\u00e9veloppement \u00e9conomique, a pris tout le dessus des slogans, confirm\u00e9s par les \u00e9criteaux sur les banderoles&#8230;\u00a0\u00bbNous ne pouvons plus attendre&#8230;votre passivit\u00e9 nous ennuie..et toutes les communes ont affich\u00e9 les listes de logements sociaux \u00e0 l&rsquo;exception de la commune de Frenda qui attend depuis 3 ans. Vous n\u2019\u00eates plus capable de g\u00e9rer ce dossier..partez..\u00a0\u00bb et ma\u00eetrisant ses nerfs, le chef de da\u00efra dira : \u00ab\u00a0On a trait\u00e9 12.000 dossiers, relatifs \u00e0 la liste des 1.1000 logements sociaux et je vous informe que plus de 900 logements sont pr\u00eats \u00e0 \u00eatre livr\u00e9s et l&rsquo;on attend, l&rsquo;autre quota qui connait certains travaux et aussi, les dossiers qui ont \u00e9t\u00e9 trait\u00e9s, sont sous enqu\u00eate et sous peu, ils vont \u00eatre valid\u00e9s..ajoute le chef de da\u00efra qui n&rsquo;a jamais affront\u00e9 un public pareil.<\/div>\n<\/div>\n<p>Auteur: Abdelkader Benrebiha<br \/>\n<a href=\"https:\/\/www.reflexiondz.net\/FRENDA-TIARET-Les-citoyens-revendiquent-le-depart-du-chef-de-daira_a55142.html\">Cliquez ici pour lire l&rsquo;article depuis sa source.<\/a><\/p>\n","protected":false},"excerpt":{"rendered":"<p>Des slogans tr\u00e8s hostiles ont \u00e9t\u00e9 scand\u00e9s par des citoyens , ce mardi, d\u00e9non\u00e7ant la gestion catastrophique du dossier du logement par la da\u00efra de Frenda et revendiquant un agenda de pr\u00e9occupations, tout \u00e0 signaler l\u2019insistance sur le d\u00e9part du chef de da\u00efra, eu \u00e9gard \u00e0 la marginalisation de la commune de Frenda ,deuxi\u00e8me pole [&hellip;]<\/p>\n","protected":false},"author":1740,"featured_media":0,"comment_status":"closed","ping_status":"closed","sticky":false,"template":"","format":"standard","meta":{"fifu_image_url":"","fifu_image_alt":"","footnotes":""},"categories":[53,76],"tags":[],"class_list":["post-24565","post","type-post","status-publish","format-standard","hentry","category-algerie","category-regions"],"_links":{"self":[{"href":"https:\/\/linitiative.ca\/International\/wp-json\/wp\/v2\/posts\/24565","targetHints":{"allow":["GET"]}}],"collection":[{"href":"https:\/\/linitiative.ca\/International\/wp-json\/wp\/v2\/posts"}],"about":[{"href":"https:\/\/linitiative.ca\/International\/wp-json\/wp\/v2\/types\/post"}],"author":[{"embeddable":true,"href":"https:\/\/linitiative.ca\/International\/wp-json\/wp\/v2\/users\/1740"}],"replies":[{"embeddable":true,"href":"https:\/\/linitiative.ca\/International\/wp-json\/wp\/v2\/comments?post=24565"}],"version-history":[{"count":0,"href":"https:\/\/linitiative.ca\/International\/wp-json\/wp\/v2\/posts\/24565\/revisions"}],"wp:attachment":[{"href":"https:\/\/linitiative.ca\/International\/wp-json\/wp\/v2\/media?parent=24565"}],"wp:term":[{"taxonomy":"category","embeddable":true,"href":"https:\/\/linitiative.ca\/International\/wp-json\/wp\/v2\/categories?post=24565"},{"taxonomy":"post_tag","embeddable":true,"href":"https:\/\/linitiative.ca\/International\/wp-json\/wp\/v2\/tags?post=24565"}],"curies":[{"name":"wp","href":"https:\/\/api.w.org\/{rel}","templated":true}]}}