{"id":24584,"date":"2019-03-28T05:33:00","date_gmt":"2019-03-28T09:33:00","guid":{"rendered":"https:\/\/linitiative.ca\/International\/convention-de-partenariat-entre-ooredoo-et-lamicale-des-agents-des-employes-et-des-cadres-du-ministere-de-leducation\/"},"modified":"2019-03-28T05:33:00","modified_gmt":"2019-03-28T09:33:00","slug":"convention-de-partenariat-entre-ooredoo-et-lamicale-des-agents-des-employes-et-des-cadres-du-ministere-de-leducation","status":"publish","type":"post","link":"https:\/\/linitiative.ca\/International\/convention-de-partenariat-entre-ooredoo-et-lamicale-des-agents-des-employes-et-des-cadres-du-ministere-de-leducation\/","title":{"rendered":"Convention de partenariat entre Ooredoo et l\u2019Amicale des agents, des employ\u00e9s et des cadres du minist\u00e8re de l\u2019\u00c9ducation"},"content":{"rendered":"<p>Ooredoo Tunisie et l\u2019Amicale des agents, des employ\u00e9s et des cadres du minist\u00e8re de l\u2019\u00c9ducation viennent de renforcer leur partenariat avec de nouvelles offres et services.<\/p>\n<p>En effet, gr\u00e2ce \u00e0 cette nouvelle convention, Ooredoo fera b\u00e9n\u00e9ficier les adh\u00e9rents de l\u2019Amicale ainsi que leurs proches d\u2019un large catalogue de solutions Voix et Data avec un rapport qualit\u00e9\/prix tr\u00e8s comp\u00e9titif. Ces solutions comprennent des forfaits mobiles, des smartphones 4G, de nouveaux packs connect\u00e9s ou encore des offres et produits 4G.<\/p>\n<p>La reconduction de ce partenariat strat\u00e9gique a \u00e9t\u00e9 sign\u00e9e r\u00e9cemment au si\u00e8ge de Ooredoo en pr\u00e9sence de M. Taieb Farhat, Chief Commercial Officer chez Ooredoo Tunisie, M. Tarek Sghair, pr\u00e9sident de l\u2019Amicale, ainsi que les membres du bureau national de l\u2019amicale et l\u2019\u00e9quipe commerciale Ooredoo.<\/p>\n<p>Auteur:<br \/>\n<a href=\"https:\/\/www.leaders.com.tn\/article\/26777-convention-de-partenariat-entre-ooredoo-et-l-amicale-des-agents-des-employes-et-des-cadres-du-ministere-de-l-education\">Cliquez ici pour lire l&rsquo;article depuis sa source.<\/a><\/p>\n","protected":false},"excerpt":{"rendered":"<p>Ooredoo Tunisie et l\u2019Amicale des agents, des employ\u00e9s et des cadres du minist\u00e8re de l\u2019\u00c9ducation viennent de renforcer leur partenariat avec de nouvelles offres et services. En effet, gr\u00e2ce \u00e0 cette nouvelle convention, Ooredoo fera b\u00e9n\u00e9ficier les adh\u00e9rents de l\u2019Amicale ainsi que leurs proches d\u2019un large catalogue de solutions Voix et Data avec un rapport [&hellip;]<\/p>\n","protected":false},"author":1772,"featured_media":0,"comment_status":"closed","ping_status":"closed","sticky":false,"template":"","format":"standard","meta":{"fifu_image_url":"","fifu_image_alt":"","footnotes":""},"categories":[73,55],"tags":[],"class_list":["post-24584","post","type-post","status-publish","format-standard","hentry","category-actualite","category-tunisie"],"_links":{"self":[{"href":"https:\/\/linitiative.ca\/International\/wp-json\/wp\/v2\/posts\/24584","targetHints":{"allow":["GET"]}}],"collection":[{"href":"https:\/\/linitiative.ca\/International\/wp-json\/wp\/v2\/posts"}],"about":[{"href":"https:\/\/linitiative.ca\/International\/wp-json\/wp\/v2\/types\/post"}],"author":[{"embeddable":true,"href":"https:\/\/linitiative.ca\/International\/wp-json\/wp\/v2\/users\/1772"}],"replies":[{"embeddable":true,"href":"https:\/\/linitiative.ca\/International\/wp-json\/wp\/v2\/comments?post=24584"}],"version-history":[{"count":0,"href":"https:\/\/linitiative.ca\/International\/wp-json\/wp\/v2\/posts\/24584\/revisions"}],"wp:attachment":[{"href":"https:\/\/linitiative.ca\/International\/wp-json\/wp\/v2\/media?parent=24584"}],"wp:term":[{"taxonomy":"category","embeddable":true,"href":"https:\/\/linitiative.ca\/International\/wp-json\/wp\/v2\/categories?post=24584"},{"taxonomy":"post_tag","embeddable":true,"href":"https:\/\/linitiative.ca\/International\/wp-json\/wp\/v2\/tags?post=24584"}],"curies":[{"name":"wp","href":"https:\/\/api.w.org\/{rel}","templated":true}]}}