{"id":24596,"date":"2019-03-28T06:00:00","date_gmt":"2019-03-28T10:00:00","guid":{"rendered":"https:\/\/linitiative.ca\/International\/lancement-de-letude-sur-la-protection-des-sites-archeologiques-de-ain-el-kerma-et-boutkhmaten\/"},"modified":"2019-03-28T06:00:00","modified_gmt":"2019-03-28T10:00:00","slug":"lancement-de-letude-sur-la-protection-des-sites-archeologiques-de-ain-el-kerma-et-boutkhmaten","status":"publish","type":"post","link":"https:\/\/linitiative.ca\/International\/lancement-de-letude-sur-la-protection-des-sites-archeologiques-de-ain-el-kerma-et-boutkhmaten\/","title":{"rendered":"Lancement de l&rsquo;\u00e9tude sur la protection des sites arch\u00e9ologiques de A\u00efn El-Kerma et Boutkhmaten"},"content":{"rendered":"<p>Les services de la Direction de la culture de la wilaya de Mila ont entam\u00e9 l&rsquo;\u00e9tude portant sur la protection des sites\u00a0 arch\u00e9ologiques de A\u00efn El-Karma dans la commune de Ouled Akhlouf et\u00a0 Boutkhmaten dans la commune d&rsquo;El Mechira, a-t-on appris lundi du service du patrimoine culturel de cette direction.\u00a0<br \/>Cette op\u00e9ration, qui a mobilis\u00e9e une enveloppe financi\u00e8re de 20 millions de dinars, a \u00e9t\u00e9 confi\u00e9e \u00e0 un bureau d&rsquo;\u00e9tudes sp\u00e9cialis\u00e9 dans le domaine de la\u00a0 sauvegarde des sites arch\u00e9ologiques, a pr\u00e9cis\u00e9 \u00e0 l\u2019APS le responsable de ce service, Lazghed Chiaba, soulignant que des d\u00e9lais de 3 et 9 mois seront respectivement consacr\u00e9s \u00e0 la r\u00e9alisation et au suivi de cette \u00e9tude. Selon le m\u00eame responsable, cette op\u00e9ration vise \u00e0 prot\u00e9ger les sites de A\u00efn El- Kerma et Boutkhmaten o\u00f9 de nombreux vestiges romains, couvrant\u00a0 plusieurs hectares, ont \u00e9t\u00e9 d\u00e9couverts.\u00a0<br \/>La wilaya de Mila dispose d&rsquo;autres sites arch\u00e9ologiques faisant actuellement l&rsquo;objet d&rsquo;efforts de sauvegarde, a-t-il ajout\u00e9, citant \u00e0 titre d\u2019exemple les sites de Leba\u00e2la dans la commune d&rsquo;El-Athmania o\u00f9 se\u00a0 trouvent des vestiges romains, du palais de l&rsquo;Agha dans la commune de Ferdjioua et la mosqu\u00e9e d&rsquo;Abou-El-Mouhadjer Dinar situ\u00e9e dans le vieux Mila.\u00a0<br \/>M. Chiaba a, par ailleurs, fait savoir que tous ces sites et monuments sont class\u00e9s au patrimoine culturel de Mila.<\/p>\n<p>Auteur:<br \/>\n<a href=\"https:\/\/www.lesoirdalgerie.com\/culture\/lancement-de-letude-sur-la-protection-des-sites-archeologiques-de-ain-el-kerma-et-boutkhmaten-21355\">Cliquez ici pour lire l&rsquo;article depuis sa source.<\/a><\/p>\n","protected":false},"excerpt":{"rendered":"<p>Les services de la Direction de la culture de la wilaya de Mila ont entam\u00e9 l&rsquo;\u00e9tude portant sur la protection des sites\u00a0 arch\u00e9ologiques de A\u00efn El-Karma dans la commune de Ouled Akhlouf et\u00a0 Boutkhmaten dans la commune d&rsquo;El Mechira, a-t-on appris lundi du service du patrimoine culturel de cette direction.\u00a0Cette op\u00e9ration, qui a mobilis\u00e9e une [&hellip;]<\/p>\n","protected":false},"author":1741,"featured_media":0,"comment_status":"closed","ping_status":"closed","sticky":false,"template":"","format":"standard","meta":{"fifu_image_url":"","fifu_image_alt":"","footnotes":""},"categories":[73,53],"tags":[],"class_list":["post-24596","post","type-post","status-publish","format-standard","hentry","category-actualite","category-algerie"],"_links":{"self":[{"href":"https:\/\/linitiative.ca\/International\/wp-json\/wp\/v2\/posts\/24596","targetHints":{"allow":["GET"]}}],"collection":[{"href":"https:\/\/linitiative.ca\/International\/wp-json\/wp\/v2\/posts"}],"about":[{"href":"https:\/\/linitiative.ca\/International\/wp-json\/wp\/v2\/types\/post"}],"author":[{"embeddable":true,"href":"https:\/\/linitiative.ca\/International\/wp-json\/wp\/v2\/users\/1741"}],"replies":[{"embeddable":true,"href":"https:\/\/linitiative.ca\/International\/wp-json\/wp\/v2\/comments?post=24596"}],"version-history":[{"count":0,"href":"https:\/\/linitiative.ca\/International\/wp-json\/wp\/v2\/posts\/24596\/revisions"}],"wp:attachment":[{"href":"https:\/\/linitiative.ca\/International\/wp-json\/wp\/v2\/media?parent=24596"}],"wp:term":[{"taxonomy":"category","embeddable":true,"href":"https:\/\/linitiative.ca\/International\/wp-json\/wp\/v2\/categories?post=24596"},{"taxonomy":"post_tag","embeddable":true,"href":"https:\/\/linitiative.ca\/International\/wp-json\/wp\/v2\/tags?post=24596"}],"curies":[{"name":"wp","href":"https:\/\/api.w.org\/{rel}","templated":true}]}}