{"id":24597,"date":"2019-03-28T06:00:00","date_gmt":"2019-03-28T10:00:00","guid":{"rendered":"https:\/\/linitiative.ca\/International\/des-manifestations-culturelles-a-oran\/"},"modified":"2019-03-28T06:00:00","modified_gmt":"2019-03-28T10:00:00","slug":"des-manifestations-culturelles-a-oran","status":"publish","type":"post","link":"https:\/\/linitiative.ca\/International\/des-manifestations-culturelles-a-oran\/","title":{"rendered":"Des manifestations culturelles \u00e0 Oran"},"content":{"rendered":"<p>Le public oranais sera au rendez-vous\u00a0 aujourd\u2019hui jeudi avec une manifestation culturelle organis\u00e9e \u00e0 l\u2019occasion de la\u00a0 Journ\u00e9e mondiale du th\u00e9\u00e2tre, c\u00e9l\u00e9br\u00e9e le 27 mars de chaque ann\u00e9e, a appris l\u2019APS du Syndicat des artistes du th\u00e9\u00e2tre et du cin\u00e9ma d\u2019Oran. Cette manifestation, qui aura lieu au petit th\u00e9\u00e2tre de la maison de jeunes\u00a0 Ahmed-Zabana du quartier Sidi El-Bachir (ex-Plateau), comporte des\u00a0 activit\u00e9s du 4e art en pr\u00e9sence de dramaturges et com\u00e9diens, a indiqu\u00e9 le\u00a0 pr\u00e9sident du syndicat, initiateur de cet \u00e9v\u00e9nement. Une conf\u00e9rence-d\u00e9bat traitant de l\u2019\u00e9volution du th\u00e9\u00e2tre alg\u00e9rien sera anim\u00e9e par Samir Zemmouri, a ajout\u00e9 l\u2019artiste Sidi Mohamed Belfadel.\u00a0<br \/>Deux repr\u00e9sentations th\u00e9\u00e2trales \u00e9crites par Houari Bouzeboudja Ghafour et\u00a0 mises en sc\u00e8ne par Sidi Mohamed Belfadel sont programm\u00e9es. La premi\u00e8re\u00a0 pi\u00e8ce, intitul\u00e9e \u00abZawadj Aristokrati\u00bb (mariage aristocrate), produite en\u00a0 2018, traite de la lutte des classes \u00e0 travers l\u2019histoire du mariage d\u2019un\u00a0 jeune pauvre avec une fille de la haute soci\u00e9t\u00e9. La seconde aborde diff\u00e9rentes \u00e9tapes de la guerre de lib\u00e9ration,\u00a0 pr\u00e9sent\u00e9e en pantomime et interpr\u00e9t\u00e9e par un groupe d\u2019acteurs.<\/p>\n<p>Auteur:<br \/>\n<a href=\"https:\/\/www.lesoirdalgerie.com\/culture\/des-manifestations-culturelles-a-oran-21354\">Cliquez ici pour lire l&rsquo;article depuis sa source.<\/a><\/p>\n","protected":false},"excerpt":{"rendered":"<p>Le public oranais sera au rendez-vous\u00a0 aujourd\u2019hui jeudi avec une manifestation culturelle organis\u00e9e \u00e0 l\u2019occasion de la\u00a0 Journ\u00e9e mondiale du th\u00e9\u00e2tre, c\u00e9l\u00e9br\u00e9e le 27 mars de chaque ann\u00e9e, a appris l\u2019APS du Syndicat des artistes du th\u00e9\u00e2tre et du cin\u00e9ma d\u2019Oran. Cette manifestation, qui aura lieu au petit th\u00e9\u00e2tre de la maison de jeunes\u00a0 Ahmed-Zabana [&hellip;]<\/p>\n","protected":false},"author":1741,"featured_media":0,"comment_status":"closed","ping_status":"closed","sticky":false,"template":"","format":"standard","meta":{"fifu_image_url":"","fifu_image_alt":"","footnotes":""},"categories":[73,53],"tags":[],"class_list":["post-24597","post","type-post","status-publish","format-standard","hentry","category-actualite","category-algerie"],"_links":{"self":[{"href":"https:\/\/linitiative.ca\/International\/wp-json\/wp\/v2\/posts\/24597","targetHints":{"allow":["GET"]}}],"collection":[{"href":"https:\/\/linitiative.ca\/International\/wp-json\/wp\/v2\/posts"}],"about":[{"href":"https:\/\/linitiative.ca\/International\/wp-json\/wp\/v2\/types\/post"}],"author":[{"embeddable":true,"href":"https:\/\/linitiative.ca\/International\/wp-json\/wp\/v2\/users\/1741"}],"replies":[{"embeddable":true,"href":"https:\/\/linitiative.ca\/International\/wp-json\/wp\/v2\/comments?post=24597"}],"version-history":[{"count":0,"href":"https:\/\/linitiative.ca\/International\/wp-json\/wp\/v2\/posts\/24597\/revisions"}],"wp:attachment":[{"href":"https:\/\/linitiative.ca\/International\/wp-json\/wp\/v2\/media?parent=24597"}],"wp:term":[{"taxonomy":"category","embeddable":true,"href":"https:\/\/linitiative.ca\/International\/wp-json\/wp\/v2\/categories?post=24597"},{"taxonomy":"post_tag","embeddable":true,"href":"https:\/\/linitiative.ca\/International\/wp-json\/wp\/v2\/tags?post=24597"}],"curies":[{"name":"wp","href":"https:\/\/api.w.org\/{rel}","templated":true}]}}