{"id":24608,"date":"2019-03-28T09:56:13","date_gmt":"2019-03-28T13:56:13","guid":{"rendered":"https:\/\/linitiative.ca\/International\/tunisie-creation-de-2000-emplois-dans-le-secteur-de-la-sante-en-2019\/"},"modified":"2019-03-28T09:56:13","modified_gmt":"2019-03-28T13:56:13","slug":"tunisie-creation-de-2000-emplois-dans-le-secteur-de-la-sante-en-2019","status":"publish","type":"post","link":"https:\/\/linitiative.ca\/International\/tunisie-creation-de-2000-emplois-dans-le-secteur-de-la-sante-en-2019\/","title":{"rendered":"Tunisie: Cr\u00e9ation de 2000 emplois dans le secteur de la Sant\u00e9 en 2019"},"content":{"rendered":"<div class=\"post-cont-in left relative\">\n<div class=\"nc_socialPanel swp_flatFresh swp_d_fullColor swp_i_fullColor swp_o_fullColor scale-100 scale-fullWidth\" data-position=\"none\" data-float=\"floatNone\" data-count=\"5\" data-floatcolor=\"#ffffff\" data-emphasize=\"0\">\n<div class=\"nc_tweetContainer totes totesalt\" data-id=\"6\"><span class=\"swp_count\"><span class=\"swp_label\">Partages<\/span> 13<\/span><\/div>\n<\/div>\n<p>Le porte-parole du gouvernement, Iyed Dahmani a r\u00e9v\u00e9l\u00e9 que le Conseil des ministres tenu jeudi\u00a0et d\u00e9di\u00e9 au secteur de la sant\u00e9, a approuv\u00e9 un recrutement suppl\u00e9mentaire de 2000 agents pour l\u2019ann\u00e9e 2019.<\/p>\n<p>Dahmani a ajout\u00e9 que cela permettra l\u2019ouverture de nouveaux d\u00e9partements m\u00e9dicaux et le remplacement d\u2019un certain nombre de m\u00e9decins partants.<\/p>\n<div class=\"code-block code-block-1 c3\"><ins class=\"adsbygoogle c2\" data-ad-layout=\"in-article\" data-ad-format=\"fluid\" data-ad-client=\"ca-pub-2102118777505746\" data-ad-slot=\"7301775417\"\/> <\/div>\n<div class=\"mvp-org-wrap mvp-org-logo\" itemprop=\"publisher\" itemscope=\"\" itemtype=\"https:\/\/schema.org\/Organization\"><img decoding=\"async\" src=\"https:\/\/www.tunisienumerique.com\/wp-content\/uploads\/2017\/02\/logo_tunisie_numerique.png\"\/><\/div>\n<div class=\"nc_socialPanel swp_flatFresh swp_d_fullColor swp_i_fullColor swp_o_fullColor scale-100 scale-fullWidth\" data-position=\"none\" data-float=\"floatNone\" data-count=\"5\" data-floatcolor=\"#ffffff\" data-emphasize=\"0\">\n<div class=\"nc_tweetContainer totes totesalt\" data-id=\"6\"><span class=\"swp_count\"><span class=\"swp_label\">Partages<\/span> 13<\/span><\/div>\n<\/div>\n<div class=\"mvp-related-posts left relative\">\n<h4 class=\"post-header\"><span class=\"post-header\">Lire aussi<\/span><\/h4>\n<\/div>\n<\/div>\n<p>Auteur: Mourad S<br \/>\n<a href=\"https:\/\/www.tunisienumerique.com\/tunisie-creation-de-2000-emplois-dans-le-secteur-de-la-sante-en-2019\/\">Cliquez ici pour lire l&rsquo;article depuis sa source.<\/a><\/p>\n","protected":false},"excerpt":{"rendered":"<p>Partages 13 Le porte-parole du gouvernement, Iyed Dahmani a r\u00e9v\u00e9l\u00e9 que le Conseil des ministres tenu jeudi\u00a0et d\u00e9di\u00e9 au secteur de la sant\u00e9, a approuv\u00e9 un recrutement suppl\u00e9mentaire de 2000 agents pour l\u2019ann\u00e9e 2019. Dahmani a ajout\u00e9 que cela permettra l\u2019ouverture de nouveaux d\u00e9partements m\u00e9dicaux et le remplacement d\u2019un certain nombre de m\u00e9decins partants. Partages [&hellip;]<\/p>\n","protected":false},"author":1789,"featured_media":24609,"comment_status":"closed","ping_status":"closed","sticky":false,"template":"","format":"standard","meta":{"fifu_image_url":"","fifu_image_alt":"","footnotes":""},"categories":[73,55],"tags":[],"class_list":["post-24608","post","type-post","status-publish","format-standard","has-post-thumbnail","hentry","category-actualite","category-tunisie"],"_links":{"self":[{"href":"https:\/\/linitiative.ca\/International\/wp-json\/wp\/v2\/posts\/24608","targetHints":{"allow":["GET"]}}],"collection":[{"href":"https:\/\/linitiative.ca\/International\/wp-json\/wp\/v2\/posts"}],"about":[{"href":"https:\/\/linitiative.ca\/International\/wp-json\/wp\/v2\/types\/post"}],"author":[{"embeddable":true,"href":"https:\/\/linitiative.ca\/International\/wp-json\/wp\/v2\/users\/1789"}],"replies":[{"embeddable":true,"href":"https:\/\/linitiative.ca\/International\/wp-json\/wp\/v2\/comments?post=24608"}],"version-history":[{"count":0,"href":"https:\/\/linitiative.ca\/International\/wp-json\/wp\/v2\/posts\/24608\/revisions"}],"wp:featuredmedia":[{"embeddable":true,"href":"https:\/\/linitiative.ca\/International\/wp-json\/"}],"wp:attachment":[{"href":"https:\/\/linitiative.ca\/International\/wp-json\/wp\/v2\/media?parent=24608"}],"wp:term":[{"taxonomy":"category","embeddable":true,"href":"https:\/\/linitiative.ca\/International\/wp-json\/wp\/v2\/categories?post=24608"},{"taxonomy":"post_tag","embeddable":true,"href":"https:\/\/linitiative.ca\/International\/wp-json\/wp\/v2\/tags?post=24608"}],"curies":[{"name":"wp","href":"https:\/\/api.w.org\/{rel}","templated":true}]}}