{"id":24610,"date":"2019-03-28T10:30:21","date_gmt":"2019-03-28T14:30:21","guid":{"rendered":"https:\/\/linitiative.ca\/International\/besma-khalfaoui-devoile-la-reaction-de-ses-proches-apres-son-adhesion-au-parti-tunisie-en-avant\/"},"modified":"2019-03-28T10:30:21","modified_gmt":"2019-03-28T14:30:21","slug":"besma-khalfaoui-devoile-la-reaction-de-ses-proches-apres-son-adhesion-au-parti-tunisie-en-avant","status":"publish","type":"post","link":"https:\/\/linitiative.ca\/International\/besma-khalfaoui-devoile-la-reaction-de-ses-proches-apres-son-adhesion-au-parti-tunisie-en-avant\/","title":{"rendered":"Besma Khalfaoui d\u00e9voile la r\u00e9action de ses proches apr\u00e8s son adh\u00e9sion au parti \u201cTunisie en avant\u201d"},"content":{"rendered":"<div class=\"post-cont-in left relative\">\n<div class=\"nc_socialPanel swp_flatFresh swp_d_fullColor swp_i_fullColor swp_o_fullColor scale-100 scale-fullWidth\" data-position=\"none\" data-float=\"floatNone\" data-count=\"5\" data-floatcolor=\"#ffffff\" data-emphasize=\"0\">\n<div class=\"nc_tweetContainer totes totesalt\" data-id=\"6\"><span class=\"swp_count\"><span class=\"swp_label\">Partages<\/span> 25<\/span><\/div>\n<\/div>\n<p>Basma Khalafaoui, veuve du martyr Chokri Belaid a d\u00e9clar\u00e9 que les r\u00e9actions de ses proches et de sa famille apr\u00e8s avoir rejoint le \u201cMouvement la Tunisie en avant\u201d ont \u00e9t\u00e9 tr\u00e8s positives\u201d.<\/p>\n<p>Certains ont estim\u00e9 que j\u2019ai pris du retard dans l\u2019adh\u00e9sion \u00e0 un parti politique et dans la participation\u00a0au monde de la politique, a ajout\u00e9 Besma Khalfaoui, dans une d\u00e9claration sur radio Jawhara Fm.<\/p>\n<div class=\"code-block code-block-1 c3\"><ins class=\"adsbygoogle c2\" data-ad-layout=\"in-article\" data-ad-format=\"fluid\" data-ad-client=\"ca-pub-2102118777505746\" data-ad-slot=\"7301775417\"\/> <\/div>\n<p>La Tunisie en avant, est un mouvement de gauche, cr\u00e9e par l\u2019ancien ministre de la Fonction publique, Abid Briki.<\/p>\n<div class=\"mvp-org-wrap mvp-org-logo\" itemprop=\"publisher\" itemscope=\"\" itemtype=\"https:\/\/schema.org\/Organization\"><img decoding=\"async\" src=\"https:\/\/www.tunisienumerique.com\/wp-content\/uploads\/2017\/02\/logo_tunisie_numerique.png\"\/><\/div>\n<div class=\"nc_socialPanel swp_flatFresh swp_d_fullColor swp_i_fullColor swp_o_fullColor scale-100 scale-fullWidth\" data-position=\"none\" data-float=\"floatNone\" data-count=\"5\" data-floatcolor=\"#ffffff\" data-emphasize=\"0\">\n<div class=\"nc_tweetContainer totes totesalt\" data-id=\"6\"><span class=\"swp_count\"><span class=\"swp_label\">Partages<\/span> 25<\/span><\/div>\n<\/div>\n<div class=\"mvp-related-posts left relative\">\n<h4 class=\"post-header\"><span class=\"post-header\">Lire aussi<\/span><\/h4>\n<\/div>\n<\/div>\n<p>Auteur: Mourad S<br \/>\n<a href=\"https:\/\/www.tunisienumerique.com\/besma-khalfaoui-devoile-la-reaction-de-ses-proches-apres-son-adhesion-au-parti-tunisie-en-avant\/\">Cliquez ici pour lire l&rsquo;article depuis sa source.<\/a><\/p>\n","protected":false},"excerpt":{"rendered":"<p>Partages 25 Basma Khalafaoui, veuve du martyr Chokri Belaid a d\u00e9clar\u00e9 que les r\u00e9actions de ses proches et de sa famille apr\u00e8s avoir rejoint le \u201cMouvement la Tunisie en avant\u201d ont \u00e9t\u00e9 tr\u00e8s positives\u201d. Certains ont estim\u00e9 que j\u2019ai pris du retard dans l\u2019adh\u00e9sion \u00e0 un parti politique et dans la participation\u00a0au monde de la [&hellip;]<\/p>\n","protected":false},"author":1789,"featured_media":24611,"comment_status":"closed","ping_status":"closed","sticky":false,"template":"","format":"standard","meta":{"fifu_image_url":"","fifu_image_alt":"","footnotes":""},"categories":[73,55],"tags":[],"class_list":["post-24610","post","type-post","status-publish","format-standard","has-post-thumbnail","hentry","category-actualite","category-tunisie"],"_links":{"self":[{"href":"https:\/\/linitiative.ca\/International\/wp-json\/wp\/v2\/posts\/24610","targetHints":{"allow":["GET"]}}],"collection":[{"href":"https:\/\/linitiative.ca\/International\/wp-json\/wp\/v2\/posts"}],"about":[{"href":"https:\/\/linitiative.ca\/International\/wp-json\/wp\/v2\/types\/post"}],"author":[{"embeddable":true,"href":"https:\/\/linitiative.ca\/International\/wp-json\/wp\/v2\/users\/1789"}],"replies":[{"embeddable":true,"href":"https:\/\/linitiative.ca\/International\/wp-json\/wp\/v2\/comments?post=24610"}],"version-history":[{"count":0,"href":"https:\/\/linitiative.ca\/International\/wp-json\/wp\/v2\/posts\/24610\/revisions"}],"wp:featuredmedia":[{"embeddable":true,"href":"https:\/\/linitiative.ca\/International\/wp-json\/"}],"wp:attachment":[{"href":"https:\/\/linitiative.ca\/International\/wp-json\/wp\/v2\/media?parent=24610"}],"wp:term":[{"taxonomy":"category","embeddable":true,"href":"https:\/\/linitiative.ca\/International\/wp-json\/wp\/v2\/categories?post=24610"},{"taxonomy":"post_tag","embeddable":true,"href":"https:\/\/linitiative.ca\/International\/wp-json\/wp\/v2\/tags?post=24610"}],"curies":[{"name":"wp","href":"https:\/\/api.w.org\/{rel}","templated":true}]}}