{"id":24628,"date":"2019-03-27T18:10:05","date_gmt":"2019-03-27T22:10:05","guid":{"rendered":"https:\/\/linitiative.ca\/International\/fourniture-delectricite-au-burkina-faso-la-sonabel-souvre-au-grand-public-a-bobo\/"},"modified":"2019-03-27T18:10:05","modified_gmt":"2019-03-27T22:10:05","slug":"fourniture-delectricite-au-burkina-faso-la-sonabel-souvre-au-grand-public-a-bobo","status":"publish","type":"post","link":"https:\/\/linitiative.ca\/International\/fourniture-delectricite-au-burkina-faso-la-sonabel-souvre-au-grand-public-a-bobo\/","title":{"rendered":"Fourniture d\u2019\u00e9lectricit\u00e9 au Burkina Faso : la SONABEL s\u2019ouvre au grand public \u00e0 Bobo"},"content":{"rendered":"<div class=\"td-post-featured-image\"><a href=\"https:\/\/i0.wp.com\/www.sidwaya.info\/wp-content\/uploads\/2019\/03\/1-63.jpg?fit=620%2C465&#038;ssl=1\" data-caption=\"\"><img loading=\"lazy\" decoding=\"async\" width=\"620\" height=\"465\" class=\"entry-thumb td-modal-image\" src=\"https:\/\/i0.wp.com\/www.sidwaya.info\/wp-content\/uploads\/2019\/03\/1-63.jpg?resize=620%2C465&#038;ssl=1\" srcset=\"https:\/\/i0.wp.com\/www.sidwaya.info\/wp-content\/uploads\/2019\/03\/1-63.jpg?w=620&#038;ssl=1 620w, https:\/\/i0.wp.com\/www.sidwaya.info\/wp-content\/uploads\/2019\/03\/1-63.jpg?resize=300%2C225&#038;ssl=1 300w, https:\/\/i0.wp.com\/www.sidwaya.info\/wp-content\/uploads\/2019\/03\/1-63.jpg?resize=80%2C60&#038;ssl=1 80w, https:\/\/i0.wp.com\/www.sidwaya.info\/wp-content\/uploads\/2019\/03\/1-63.jpg?resize=265%2C198&#038;ssl=1 265w, https:\/\/i0.wp.com\/www.sidwaya.info\/wp-content\/uploads\/2019\/03\/1-63.jpg?resize=560%2C420&#038;ssl=1 560w\" sizes=\"auto, (max-width: 620px) 100vw, 620px\" alt=\"\" title=\"1\"\/><\/a><\/div>\n<div class=\"td-a-rec td-a-rec-id-content_top td_uid_30_5c9d40350fa6c_rand td_block_template_1\"><img loading=\"lazy\" decoding=\"async\" class=\"aligncenter size-full wp-image-4463\" src=\"https:\/\/www.sidwaya.info\/wp-content\/uploads\/2019\/02\/FESPACO-TOUR-2019-Bannie%CC%80re-728x90-1.jpg\" alt=\"\" width=\"728\" height=\"90\"\/><\/div>\n<p>La Soci\u00e9t\u00e9 nationale burkinab\u00e8 d\u2019\u00e9lectricit\u00e9 (SONABEL) organise, du 27 au 29 mars 2019 \u00e0 Bobo-Dioulasso, ses journ\u00e9es portes ouvertes pour faire mieux conna\u00eetre ses m\u00e9tiers de producteur, d\u2019importateur, de transporteur et de distributeur d\u2019\u00e9nergie \u00e9lectrique. Des stands d\u2019exposition, la visite des infrastructures de production et un panel sont les principales activit\u00e9s de ces JPO de la SONABEL 2019 dans la ville de Sya.<\/p>\n<p>Les Journ\u00e9es portes ouvertes (JPO) de la Soci\u00e9t\u00e9 nationale burkinab\u00e8 d\u2019\u00e9lectricit\u00e9 (SONABEL) \u00e0 Bobo-Dioulasso se tiennent apr\u00e8s celles organis\u00e9es du 22 au 24 mars 2019 \u00e0 Ouagadougou. Elles sont marqu\u00e9es par plusieurs activit\u00e9s. Le lancement a eu lieu, le 27 mars 2019 \u00e0 la place Tiefo Amoro de Bobo-Dioulasso, en pr\u00e9sence des autorit\u00e9s communales, r\u00e9gionales et du public bobolais. A l\u2019occasion, le pr\u00e9sident du comit\u00e9 d\u2019organisation des JPO, Ahmed Coulibaly a pr\u00e9cis\u00e9 que la SONABEL a d\u00e9cid\u00e9 d\u2019ouvrir ses portes au grand public afin de lui permettre de conna\u00eetre ses diff\u00e9rentes activit\u00e9s et les efforts que la soci\u00e9t\u00e9 deploie pour fournir l\u2019\u00e9lectricit\u00e9 au Burkina Faso. Pour le directeur g\u00e9n\u00e9ral de la SONABEL, Fran\u00e7ois De Sales Ou\u00e9draogo, les journ\u00e9es portes ouvertes visent \u00e0 impliquer les consommateurs de la r\u00e9gion dans la gestion de la p\u00e9riode de pointe 2019 et de partager les pr\u00e9occupations et la nouvelle vision commerciale de la SONABEL. Et pour le directeur g\u00e9n\u00e9ral, l\u2019organisation des JPO \u00e0 Bobo-Dioulasso n\u2019est pas fortuite.<\/p>\n<p>Selon lui, Bobo-Dioulasso est le premier point d\u2019arriv\u00e9e de la ligne d\u2019interconnexion Burkina-C\u00f4te-d\u2019Ivoire. Cette ligne apporte aujourd\u2019hui une contribution significative \u00e0 la satisfaction de la demande en \u00e9nergie \u00e9lectrique du r\u00e9seau national interconnect\u00e9 de la SONABEL. Aussi Bobo-Dioulasso abrite, a-t-il dit, la plus grande capacit\u00e9 du parc de production thermique apr\u00e8s Ouagadougou avec la centrale Bobo II.\u00a0\u00abCes journ\u00e9es portes ouvertes sont donc une formidable opportunit\u00e9 pour la SONABEL de pr\u00e9senter tout ce potentiel \u00e0 la population de Bobo-Dioulasso mais aussi et surtout de communiquer avec elle sur les efforts, les contraintes et les limites li\u00e9s \u00e0 la production, au transport et \u00e0 la distribution de l\u2019\u00e9nergie\u00bb, a soulign\u00e9 M. Ou\u00e9draogo.<\/p>\n<p>Mieux affiner ses strat\u00e9gies de communication<\/p>\n<p>La premi\u00e8re \u00e9dition des journ\u00e9es portes ouvertes est plac\u00e9e sous le th\u00e8me g\u00e9n\u00e9ral \u00abEnjeux et d\u00e9fis du mix \u00e9nerg\u00e9tique au Burkina Faso\u00bb. Ce th\u00e8me, de l\u2019avis du premier responsable de la SONABEL, permettra de faire l\u2019\u00e9tat des lieux des diff\u00e9rentes sources de production d\u2019\u00e9nergie dont dispose le pays pour satisfaire une demande qui croit d\u2019environ 15%. Il sera aussi \u00e0 l\u2019ordre du jour, un panel qui sera organis\u00e9, demain 29 mars et consacr\u00e9 \u00e0 la gestion commerciale, notamment \u00e0 la probl\u00e9matique de la facturation de l\u2019\u00e9nergie, qui est souvent source d\u2019incompr\u00e9hension \u00e0 chaque p\u00e9riode de pointe. \u00abLes conclusions de ces r\u00e9flexions permettront \u00e0 la SONABEL de mieux affiner ses strat\u00e9gies de communication pour prendre en charge les pr\u00e9occupations des usagers de l\u2019\u00e9lectricit\u00e9\u00bb, a soulign\u00e9 le DG. Outre la communication, figurent au menu des JPO, les visites guid\u00e9es de certaines installations techniques, notamment la centrale thermique Bobo II et le poste de K\u00f4d\u00e9ni, point d\u2019arriv\u00e9e de la ligne d\u2019interconnexion avec la C\u00f4te-d\u2019Ivoire.<\/p>\n<p>Pour Fran\u00e7ois De Sales Ou\u00e9draogo, les trois jours de r\u00e9flexion et de visite contribueront \u00e0 asseoir entre la SONABEL et ses partenaires, les bases d\u2019une collaboration plus solide.\u00a0\u00abVous disposez de plus d\u2019informations pour appr\u00e9cier les efforts d\u00e9ploy\u00e9s en vue d\u2019\u00e9tendre la couverture \u00e9lectrique nationale et surtout d\u2019am\u00e9liorer la qualit\u00e9 de la fourniture de l\u2019\u00e9lectricit\u00e9 \u00e0 l\u2019ensemble des usagers ainsi que sur les projets en cours pour augmenter l\u2019offre\u00bb a soulign\u00e9 le DG de la SONABEL. Pour sa part, le gouverneur de la r\u00e9gion des Hauts Bassins, Antoine Atiou a lou\u00e9 la tenue des JPO et les diff\u00e9rents efforts que consentent la SONABEL et le gouvernement pour satisfaire la demande en \u00e9lectricit\u00e9 de la population burkinab\u00e9.<\/p>\n<p class=\"c1\"><strong>Adaman DRABO<\/strong><\/p>\n<div class=\"td-a-rec td-a-rec-id-content_bottom td_uid_31_5c9d40350fcc7_rand td_block_template_1\"><img loading=\"lazy\" decoding=\"async\" class=\"alignright size-full wp-image-1724\" src=\"https:\/\/www.sidwaya.info\/wp-content\/uploads\/2018\/12\/sidwaya-pub.jpg\" alt=\"\" width=\"720\" height=\"90\"\/><\/div>\n<p>Auteur: DD. Sidwaya<br \/>\n<a href=\"https:\/\/www.sidwaya.info\/blog\/2019\/03\/27\/fourniture-delectricite-au-burkina-faso-la-sonabel-souvre-au-grand-public-a-bobo\/\">Cliquez ici pour lire l&rsquo;article depuis sa source.<\/a><\/p>\n","protected":false},"excerpt":{"rendered":"<p>La Soci\u00e9t\u00e9 nationale burkinab\u00e8 d\u2019\u00e9lectricit\u00e9 (SONABEL) organise, du 27 au 29 mars 2019 \u00e0 Bobo-Dioulasso, ses journ\u00e9es portes ouvertes pour faire mieux conna\u00eetre ses m\u00e9tiers de producteur, d\u2019importateur, de transporteur et de distributeur d\u2019\u00e9nergie \u00e9lectrique. Des stands d\u2019exposition, la visite des infrastructures de production et un panel sont les principales activit\u00e9s de ces JPO de [&hellip;]<\/p>\n","protected":false},"author":1816,"featured_media":0,"comment_status":"closed","ping_status":"closed","sticky":false,"template":"","format":"standard","meta":{"fifu_image_url":"","fifu_image_alt":"","footnotes":""},"categories":[73,81],"tags":[],"class_list":["post-24628","post","type-post","status-publish","format-standard","hentry","category-actualite","category-burkina-faso"],"_links":{"self":[{"href":"https:\/\/linitiative.ca\/International\/wp-json\/wp\/v2\/posts\/24628","targetHints":{"allow":["GET"]}}],"collection":[{"href":"https:\/\/linitiative.ca\/International\/wp-json\/wp\/v2\/posts"}],"about":[{"href":"https:\/\/linitiative.ca\/International\/wp-json\/wp\/v2\/types\/post"}],"author":[{"embeddable":true,"href":"https:\/\/linitiative.ca\/International\/wp-json\/wp\/v2\/users\/1816"}],"replies":[{"embeddable":true,"href":"https:\/\/linitiative.ca\/International\/wp-json\/wp\/v2\/comments?post=24628"}],"version-history":[{"count":0,"href":"https:\/\/linitiative.ca\/International\/wp-json\/wp\/v2\/posts\/24628\/revisions"}],"wp:attachment":[{"href":"https:\/\/linitiative.ca\/International\/wp-json\/wp\/v2\/media?parent=24628"}],"wp:term":[{"taxonomy":"category","embeddable":true,"href":"https:\/\/linitiative.ca\/International\/wp-json\/wp\/v2\/categories?post=24628"},{"taxonomy":"post_tag","embeddable":true,"href":"https:\/\/linitiative.ca\/International\/wp-json\/wp\/v2\/tags?post=24628"}],"curies":[{"name":"wp","href":"https:\/\/api.w.org\/{rel}","templated":true}]}}