{"id":24632,"date":"2019-03-27T18:40:53","date_gmt":"2019-03-27T22:40:53","guid":{"rendered":"https:\/\/linitiative.ca\/International\/yacouba-isaac-zida-ancien-premier-ministre-je-nexclus-pas-la-possibilite-detre-candidat\/"},"modified":"2019-03-27T18:40:53","modified_gmt":"2019-03-27T22:40:53","slug":"yacouba-isaac-zida-ancien-premier-ministre-je-nexclus-pas-la-possibilite-detre-candidat","status":"publish","type":"post","link":"https:\/\/linitiative.ca\/International\/yacouba-isaac-zida-ancien-premier-ministre-je-nexclus-pas-la-possibilite-detre-candidat\/","title":{"rendered":"Yacouba Isaac Zida, ancien Premier ministre  : \u00abJe n\u2019exclus pas la possibilit\u00e9 d\u2019\u00eatre candidat\u00bb"},"content":{"rendered":"<div class=\"td-post-featured-image\"><a href=\"https:\/\/i2.wp.com\/www.sidwaya.info\/wp-content\/uploads\/2019\/03\/1-66.jpg?fit=738%2C535&#038;ssl=1\" data-caption=\"\"><img loading=\"lazy\" decoding=\"async\" width=\"696\" height=\"505\" class=\"entry-thumb td-modal-image\" src=\"https:\/\/i2.wp.com\/www.sidwaya.info\/wp-content\/uploads\/2019\/03\/1-66.jpg?resize=696%2C505&#038;ssl=1\" srcset=\"https:\/\/i2.wp.com\/www.sidwaya.info\/wp-content\/uploads\/2019\/03\/1-66.jpg?w=738&#038;ssl=1 738w, https:\/\/i2.wp.com\/www.sidwaya.info\/wp-content\/uploads\/2019\/03\/1-66.jpg?resize=300%2C217&#038;ssl=1 300w, https:\/\/i2.wp.com\/www.sidwaya.info\/wp-content\/uploads\/2019\/03\/1-66.jpg?resize=324%2C235&#038;ssl=1 324w, https:\/\/i2.wp.com\/www.sidwaya.info\/wp-content\/uploads\/2019\/03\/1-66.jpg?resize=696%2C505&#038;ssl=1 696w, https:\/\/i2.wp.com\/www.sidwaya.info\/wp-content\/uploads\/2019\/03\/1-66.jpg?resize=579%2C420&#038;ssl=1 579w\" sizes=\"auto, (max-width: 696px) 100vw, 696px\" alt=\"\" title=\"1\"\/><\/a><\/div>\n<div class=\"td-a-rec td-a-rec-id-content_top td_uid_30_5c9d40417380b_rand td_block_template_1\"><img loading=\"lazy\" decoding=\"async\" class=\"aligncenter size-full wp-image-4463\" src=\"https:\/\/www.sidwaya.info\/wp-content\/uploads\/2019\/02\/FESPACO-TOUR-2019-Bannie%CC%80re-728x90-1.jpg\" alt=\"\" width=\"728\" height=\"90\"\/><\/div>\n<p>L\u2019ancien Premier ministre sous la Transition, Yacouba Isaac Zida, a accord\u00e9 un entretien exclusif \u00e0 la t\u00e9l\u00e9vision France 24, hier mercredi 27 mars 2019. Depuis son exil canadien, il est revenu sans d\u00e9tour sur les conditions de son d\u00e9part du Burkina Faso, la gestion de la Transition et ses ambitions politiques. Sidwaya a retranscrit l\u2019int\u00e9gralit\u00e9 de l\u2019interview pour vous.<\/p>\n<p><strong>France 24\u00a0:<\/strong> Pourquoi vous exprimez-vous apr\u00e8s trois ans de silence\u00a0?<br \/><strong>Yacouba Isaac Zida (Y.I.Z.)\u00a0:<\/strong> Toutes sortes de calomnies mensong\u00e8res ont \u00e9t\u00e9 dites sur mon compte. J\u2019ai observ\u00e9 le silence. Mais comme vous le savez, il y a un temps pour se taire et un temps pour parler.<\/p>\n<p><strong>France 24<\/strong>\u00a0: Pourquoi avoir quitt\u00e9 le Burkina Faso\u00a0?<br \/><strong>Y.I.Z.\u00a0<\/strong>: J\u2019ai quitt\u00e9 le Burkina Faso, dans un premier temps, pour une permission aupr\u00e8s de ma famille ici au Canada. Mais pendant que j\u2019\u00e9tais en permission ici, des informations que j\u2019ai re\u00e7ues mettaient en cause ma s\u00e9curit\u00e9 et ma libert\u00e9. J\u2019ai choisi donc de rester et de ne plus rentrer au Burkina Faso. Les autorit\u00e9s en place ont mont\u00e9 toute une cabale politico-judiciaire contre ma personne et donc j\u2019ai choisi de rester dans ce pays, le Canada qui est un pays de droit.<\/p>\n<p><strong>France 24<\/strong>\u00a0: Vous avez fait l\u2019objet d\u2019une enqu\u00eate de la gendarmerie royale sur des transactions financi\u00e8res suspectes. Qu\u2019en est-il aujourd\u2019hui\u00a0?<br \/><strong>Y.I.Z.<\/strong>\u00a0: Pour ce qui me concerne, je n\u2019ai re\u00e7u ni un policier, ni un enqu\u00eateur de la gendarmerie pour me questionner sur ces faits.<\/p>\n<p><strong>France 24\u00a0:<\/strong> Vous n\u2019\u00eates donc pas au courant d\u2019une enqu\u00eate\u00a0?<br \/><strong>Y.I.Z.\u00a0:<\/strong> Non. Non. Je n\u2019ai aucun argent \u00e0 blanchir au Canada qui n\u00e9cessite que je fasse l\u2019objet d\u2019une telle enqu\u00eate.<\/p>\n<p><strong>France 24\u00a0:<\/strong> Vous avez eu un r\u00f4le important au sein de l\u2019arm\u00e9e et du gouvernement de Transition burkinab\u00e8 en 2014, 2015. Comment appr\u00e9ciez-vous votre gestion des \u00e9v\u00e9nements\u00a0?<br \/><strong>Y.I.Z.<\/strong>\u00a0: La Transition \u00e9tait, malgr\u00e9 tous les griefs, globalement un succ\u00e8s. La preuve, c\u2019est que le pays avait un pr\u00e9sident \u00e9lu, un Parlement. En tous cas, la vie politique avait compl\u00e8tement repris selon les principes d\u00e9mocratiques.<\/p>\n<p><strong>France 24\u00a0:<\/strong> Avez-vous des r\u00e9flexions sur le proc\u00e8s Gilbert Diend\u00e9r\u00e9 et le putsch manqu\u00e9 de septembre 2015\u00a0?<br \/><strong>Y.I.Z.\u00a0:<\/strong> Je souhaite qu\u2019\u00e0 l\u2019issue de ce proc\u00e8s, le peuple burkinab\u00e8, les victimes et leurs familles aient droit \u00e0 la v\u00e9rit\u00e9 et \u00e0 la justice et que l\u2019on puisse aller vers d\u2019autres \u00e9tapes.<\/p>\n<p><strong>France 24\u00a0:<\/strong> Avez-vous des r\u00e9flexions concernant la gestion du Burkina Faso depuis votre d\u00e9part\u00a0?<br \/>Y.I.Z.\u00a0: Depuis notre d\u00e9part, les attaques terroristes, malheureusement, se d\u00e9roulent quasi-quotidiennement. Les dirigeants ne semblent pas \u00eatre \u00e0 la hauteur des d\u00e9fis. C\u2019est vrai qu\u2019ils fournissent des efforts mais malheureusement, nous sommes oblig\u00e9s de reconnaitre que cela n\u2019a pas de r\u00e9sultats sur le terrain.<\/p>\n<p><strong>France 24\u00a0:<\/strong> Vous avez r\u00e9dig\u00e9 vos m\u00e9moires \u00abJe sais qui je suis\u00bb. Le 6e chapitre a tout l\u2019air d\u2019un programme \u00e9lectoral. En est-ce un\u00a0?<br \/><strong>Y.I.Z<\/strong>.\u00a0: On peut dire que \u00e7a peut \u00eatre un programme politique, mais qui est ouvert, \u00e0 la disposition de qui veut bien s\u2019en inspirer.<\/p>\n<p><strong>France 24\u00a0<\/strong>: Vous imaginez-vous un avenir politique au Burkina\u00a0?<br \/><strong>Y.I.Z.<\/strong>\u00a0: Je ne me suis pas encore prononc\u00e9 sur une \u00e9ventuelle candidature, je n\u2019exclus pas la possibilit\u00e9 effectivement d\u2019\u00eatre candidat.<\/p>\n<p class=\"c1\"><strong>Entretien retranscrit par<\/strong><br \/><strong>Jean-Marie TOE &#038;<\/strong><br \/><strong>Djakaridia SIRIBIE<\/strong><\/p>\n<div class=\"td-a-rec td-a-rec-id-content_bottom td_uid_31_5c9d404173a7b_rand td_block_template_1\"><img loading=\"lazy\" decoding=\"async\" class=\"alignright size-full wp-image-1724\" src=\"https:\/\/www.sidwaya.info\/wp-content\/uploads\/2018\/12\/sidwaya-pub.jpg\" alt=\"\" width=\"720\" height=\"90\"\/><\/div>\n<p>Auteur: DD. Sidwaya<br \/>\n<a href=\"https:\/\/www.sidwaya.info\/blog\/2019\/03\/27\/yacouba-isaac-zida-ancien-premier-ministre-je-nexclus-pas-la-possibilite-detre-candidat\/\">Cliquez ici pour lire l&rsquo;article depuis sa source.<\/a><\/p>\n","protected":false},"excerpt":{"rendered":"<p>L\u2019ancien Premier ministre sous la Transition, Yacouba Isaac Zida, a accord\u00e9 un entretien exclusif \u00e0 la t\u00e9l\u00e9vision France 24, hier mercredi 27 mars 2019. Depuis son exil canadien, il est revenu sans d\u00e9tour sur les conditions de son d\u00e9part du Burkina Faso, la gestion de la Transition et ses ambitions politiques. Sidwaya a retranscrit l\u2019int\u00e9gralit\u00e9 [&hellip;]<\/p>\n","protected":false},"author":1816,"featured_media":0,"comment_status":"closed","ping_status":"closed","sticky":false,"template":"","format":"standard","meta":{"fifu_image_url":"","fifu_image_alt":"","footnotes":""},"categories":[73,81],"tags":[],"class_list":["post-24632","post","type-post","status-publish","format-standard","hentry","category-actualite","category-burkina-faso"],"_links":{"self":[{"href":"https:\/\/linitiative.ca\/International\/wp-json\/wp\/v2\/posts\/24632","targetHints":{"allow":["GET"]}}],"collection":[{"href":"https:\/\/linitiative.ca\/International\/wp-json\/wp\/v2\/posts"}],"about":[{"href":"https:\/\/linitiative.ca\/International\/wp-json\/wp\/v2\/types\/post"}],"author":[{"embeddable":true,"href":"https:\/\/linitiative.ca\/International\/wp-json\/wp\/v2\/users\/1816"}],"replies":[{"embeddable":true,"href":"https:\/\/linitiative.ca\/International\/wp-json\/wp\/v2\/comments?post=24632"}],"version-history":[{"count":0,"href":"https:\/\/linitiative.ca\/International\/wp-json\/wp\/v2\/posts\/24632\/revisions"}],"wp:attachment":[{"href":"https:\/\/linitiative.ca\/International\/wp-json\/wp\/v2\/media?parent=24632"}],"wp:term":[{"taxonomy":"category","embeddable":true,"href":"https:\/\/linitiative.ca\/International\/wp-json\/wp\/v2\/categories?post=24632"},{"taxonomy":"post_tag","embeddable":true,"href":"https:\/\/linitiative.ca\/International\/wp-json\/wp\/v2\/tags?post=24632"}],"curies":[{"name":"wp","href":"https:\/\/api.w.org\/{rel}","templated":true}]}}