{"id":24635,"date":"2019-03-27T18:46:05","date_gmt":"2019-03-27T22:46:05","guid":{"rendered":"https:\/\/linitiative.ca\/International\/paul-kaba-thieba-nomme-directeur-general-de-la-caisse-des-depots-et-de-consignations\/"},"modified":"2019-03-27T18:46:05","modified_gmt":"2019-03-27T22:46:05","slug":"paul-kaba-thieba-nomme-directeur-general-de-la-caisse-des-depots-et-de-consignations","status":"publish","type":"post","link":"https:\/\/linitiative.ca\/International\/paul-kaba-thieba-nomme-directeur-general-de-la-caisse-des-depots-et-de-consignations\/","title":{"rendered":"Paul Kaba THIEBA, nomm\u00e9 Directeur g\u00e9n\u00e9ral de la Caisse des d\u00e9p\u00f4ts et de consignations."},"content":{"rendered":"<div class=\"td-a-rec td-a-rec-id-content_top td_uid_30_5c9d404bdc69c_rand td_block_template_1\"><img loading=\"lazy\" decoding=\"async\" class=\"aligncenter size-full wp-image-4463\" src=\"https:\/\/www.sidwaya.info\/wp-content\/uploads\/2019\/02\/FESPACO-TOUR-2019-Bannie%CC%80re-728x90-1.jpg\" alt=\"\" width=\"728\" height=\"90\"\/><\/div>\n<p>L\u2019ancien Premier ministre, \u00a0Paul Kaba THIEBA, Economiste, est nomm\u00e9 Directeur g\u00e9n\u00e9ral de la Caisse des d\u00e9p\u00f4ts et de consignations du Burkina Faso (CDC-BF).<\/p>\n<p>Monsieur Baba Ahmed COULIBALY, Mle 80 65 T, Ing\u00e9nieur \u00e9lectrom\u00e9canicien, cat\u00e9gorie 8, 13\u00e8me \u00e9chelon, est nomm\u00e9 Directeur g\u00e9n\u00e9ral de la Soci\u00e9t\u00e9 nationale d\u2019\u00e9lectricit\u00e9 du Burkina (SONABEL).<\/p>\n<p>Source: conseil des ministres<\/p>\n<div class=\"td-a-rec td-a-rec-id-content_bottom td_uid_31_5c9d404bdca5e_rand td_block_template_1\"><img loading=\"lazy\" decoding=\"async\" class=\"alignright size-full wp-image-1724\" src=\"https:\/\/www.sidwaya.info\/wp-content\/uploads\/2018\/12\/sidwaya-pub.jpg\" alt=\"\" width=\"720\" height=\"90\"\/><\/div>\n<p>Auteur: BS. Sidwaya<br \/>\n<a href=\"https:\/\/www.sidwaya.info\/blog\/2019\/03\/27\/paul-kaba-thieba-nomme-directeur-general-de-la-caisse-des-depots-et-de-consignations\/\">Cliquez ici pour lire l&rsquo;article depuis sa source.<\/a><\/p>\n","protected":false},"excerpt":{"rendered":"<p>L\u2019ancien Premier ministre, \u00a0Paul Kaba THIEBA, Economiste, est nomm\u00e9 Directeur g\u00e9n\u00e9ral de la Caisse des d\u00e9p\u00f4ts et de consignations du Burkina Faso (CDC-BF). Monsieur Baba Ahmed COULIBALY, Mle 80 65 T, Ing\u00e9nieur \u00e9lectrom\u00e9canicien, cat\u00e9gorie 8, 13\u00e8me \u00e9chelon, est nomm\u00e9 Directeur g\u00e9n\u00e9ral de la Soci\u00e9t\u00e9 nationale d\u2019\u00e9lectricit\u00e9 du Burkina (SONABEL). Source: conseil des ministres Auteur: BS. [&hellip;]<\/p>\n","protected":false},"author":1816,"featured_media":24636,"comment_status":"closed","ping_status":"closed","sticky":false,"template":"","format":"standard","meta":{"fifu_image_url":"","fifu_image_alt":"","footnotes":""},"categories":[73,81],"tags":[],"class_list":["post-24635","post","type-post","status-publish","format-standard","has-post-thumbnail","hentry","category-actualite","category-burkina-faso"],"_links":{"self":[{"href":"https:\/\/linitiative.ca\/International\/wp-json\/wp\/v2\/posts\/24635","targetHints":{"allow":["GET"]}}],"collection":[{"href":"https:\/\/linitiative.ca\/International\/wp-json\/wp\/v2\/posts"}],"about":[{"href":"https:\/\/linitiative.ca\/International\/wp-json\/wp\/v2\/types\/post"}],"author":[{"embeddable":true,"href":"https:\/\/linitiative.ca\/International\/wp-json\/wp\/v2\/users\/1816"}],"replies":[{"embeddable":true,"href":"https:\/\/linitiative.ca\/International\/wp-json\/wp\/v2\/comments?post=24635"}],"version-history":[{"count":0,"href":"https:\/\/linitiative.ca\/International\/wp-json\/wp\/v2\/posts\/24635\/revisions"}],"wp:featuredmedia":[{"embeddable":true,"href":"https:\/\/linitiative.ca\/International\/wp-json\/"}],"wp:attachment":[{"href":"https:\/\/linitiative.ca\/International\/wp-json\/wp\/v2\/media?parent=24635"}],"wp:term":[{"taxonomy":"category","embeddable":true,"href":"https:\/\/linitiative.ca\/International\/wp-json\/wp\/v2\/categories?post=24635"},{"taxonomy":"post_tag","embeddable":true,"href":"https:\/\/linitiative.ca\/International\/wp-json\/wp\/v2\/tags?post=24635"}],"curies":[{"name":"wp","href":"https:\/\/api.w.org\/{rel}","templated":true}]}}