{"id":24642,"date":"2019-03-28T15:18:12","date_gmt":"2019-03-28T19:18:12","guid":{"rendered":"https:\/\/linitiative.ca\/International\/baba-a-coulibaly-nouveau-dg-de-la-societe-nationale-delectricite-du-burkina\/"},"modified":"2019-03-28T15:18:12","modified_gmt":"2019-03-28T19:18:12","slug":"baba-a-coulibaly-nouveau-dg-de-la-societe-nationale-delectricite-du-burkina","status":"publish","type":"post","link":"https:\/\/linitiative.ca\/International\/baba-a-coulibaly-nouveau-dg-de-la-societe-nationale-delectricite-du-burkina\/","title":{"rendered":"Baba A. Coulibaly nouveau DG de la Soci\u00e9t\u00e9 nationale d\u2019\u00e9lectricit\u00e9 du Burkina"},"content":{"rendered":"<div readability=\"32\">\n<p>Publi\u00e9 le 28.03.2019 \u00e0 20h18 par APA News<\/p>\n<\/div>\n<div readability=\"42\">\n<p>L\u2019ing\u00e9nieur \u00e9lectrom\u00e9canicien, Baba Ahmed Coulibaly est nomm\u00e9 Directeur g\u00e9n\u00e9ral (DG) de la Soci\u00e9t\u00e9 nationale d\u2019\u00e9lectricit\u00e9 du Burkina (SONABEL), a appris APA jeudi de source officielle.Le nouveau DG de la SONABEL, dont la nomination a \u00e9t\u00e9 ent\u00e9rin\u00e9e par le Conseil des ministres de mercredi dernier, remplace \u00e0 ce poste Fran\u00e7ois de Salle Ou\u00e9draogo qui y a pass\u00e9 plus de quatre ans (d\u00e9cembre 2014-mars 2019).<\/p>\n<p>La Soci\u00e9t\u00e9 nationale d\u2019\u00e9lectricit\u00e9 du Burkina (SONABEL) fait partie de la demi-dizaine de soci\u00e9t\u00e9s d\u2019Etat burkinab\u00e8 ayant un statut particulier et strat\u00e9gique.<\/p>\n<p><ins data-revive-zoneid=\"9\" data-revive-id=\"10111e19d28d19d031742ee3b0b33eb0\"\/> <\/div>\n<p>Auteur: APA News<br \/>\n<a href=\"https:\/\/www.journalducameroun.com\/fr\/baba-a-coulibaly-nouveau-dg-de-la-societe-nationale-delectricite-du-burkina\/\">Cliquez ici pour lire l&rsquo;article depuis sa source.<\/a><\/p>\n","protected":false},"excerpt":{"rendered":"<p>Publi\u00e9 le 28.03.2019 \u00e0 20h18 par APA News L\u2019ing\u00e9nieur \u00e9lectrom\u00e9canicien, Baba Ahmed Coulibaly est nomm\u00e9 Directeur g\u00e9n\u00e9ral (DG) de la Soci\u00e9t\u00e9 nationale d\u2019\u00e9lectricit\u00e9 du Burkina (SONABEL), a appris APA jeudi de source officielle.Le nouveau DG de la SONABEL, dont la nomination a \u00e9t\u00e9 ent\u00e9rin\u00e9e par le Conseil des ministres de mercredi dernier, remplace \u00e0 ce [&hellip;]<\/p>\n","protected":false},"author":1965,"featured_media":0,"comment_status":"closed","ping_status":"closed","sticky":false,"template":"","format":"standard","meta":{"fifu_image_url":"","fifu_image_alt":"","footnotes":""},"categories":[73,82],"tags":[],"class_list":["post-24642","post","type-post","status-publish","format-standard","hentry","category-actualite","category-cameroun"],"_links":{"self":[{"href":"https:\/\/linitiative.ca\/International\/wp-json\/wp\/v2\/posts\/24642","targetHints":{"allow":["GET"]}}],"collection":[{"href":"https:\/\/linitiative.ca\/International\/wp-json\/wp\/v2\/posts"}],"about":[{"href":"https:\/\/linitiative.ca\/International\/wp-json\/wp\/v2\/types\/post"}],"author":[{"embeddable":true,"href":"https:\/\/linitiative.ca\/International\/wp-json\/wp\/v2\/users\/1965"}],"replies":[{"embeddable":true,"href":"https:\/\/linitiative.ca\/International\/wp-json\/wp\/v2\/comments?post=24642"}],"version-history":[{"count":0,"href":"https:\/\/linitiative.ca\/International\/wp-json\/wp\/v2\/posts\/24642\/revisions"}],"wp:attachment":[{"href":"https:\/\/linitiative.ca\/International\/wp-json\/wp\/v2\/media?parent=24642"}],"wp:term":[{"taxonomy":"category","embeddable":true,"href":"https:\/\/linitiative.ca\/International\/wp-json\/wp\/v2\/categories?post=24642"},{"taxonomy":"post_tag","embeddable":true,"href":"https:\/\/linitiative.ca\/International\/wp-json\/wp\/v2\/tags?post=24642"}],"curies":[{"name":"wp","href":"https:\/\/api.w.org\/{rel}","templated":true}]}}