{"id":24643,"date":"2019-03-28T15:18:14","date_gmt":"2019-03-28T19:18:14","guid":{"rendered":"https:\/\/linitiative.ca\/International\/rd-congo-quatre-societes-privees-dassurance-agreees\/"},"modified":"2019-03-28T15:18:14","modified_gmt":"2019-03-28T19:18:14","slug":"rd-congo-quatre-societes-privees-dassurance-agreees","status":"publish","type":"post","link":"https:\/\/linitiative.ca\/International\/rd-congo-quatre-societes-privees-dassurance-agreees\/","title":{"rendered":"RD Congo : quatre soci\u00e9t\u00e9s priv\u00e9es d\u2019assurance agr\u00e9\u00e9es"},"content":{"rendered":"<div readability=\"32\">\n<p>Publi\u00e9 le 28.03.2019 \u00e0 20h18 par APA News<\/p>\n<\/div>\n<div readability=\"54\">\n<p>La lib\u00e9ralisation du secteur des assurances en RD Congo est d\u00e9sormais effective avec l\u2019annonce faite jeudi \u00e0 Kinshasa de l\u2019octroi de l\u2019agr\u00e9ment et de l\u2019autorisation de fonctionner \u00e0 quatre soci\u00e9t\u00e9s priv\u00e9es d\u2019assurances et \u00e0 deux soci\u00e9t\u00e9s de courtage d\u2019assurances par l\u2019Autorit\u00e9 de r\u00e9gulation et de contr\u00f4le des assurances en RDC (ARCA).Le directeur g\u00e9n\u00e9ral par int\u00e9rim de l\u2019ARCA, Alain Kaninda a soulign\u00e9, \u00a0au cours d\u2019une conf\u00e9rence de presse, qu\u2019apr\u00e8s plus de cinquante ans de monopole \u00e9tatique, \u00ab une nouvelle \u00e8re s\u2019ouvre pour un secteur des assurances plus dynamique et inclusif contribuant de mani\u00e8re effective au d\u00e9veloppement socio-\u00e9conomique de la RDC \u00bb.<\/p>\n<p>Les quatre nouvelles soci\u00e9t\u00e9s d\u2019assurances sont Activa Assurance RDC, Soci\u00e9t\u00e9 financi\u00e8re d\u2019assurance Congo (SFA Congo), Rwasur SA, Rawsur Life SA, tandis qu\u2019Allied Insurance Brokers SARL (AIB) et Gras Savoye RDC ont \u00e9t\u00e9 autoris\u00e9es \u00e0 fonctionner en qualit\u00e9 de soci\u00e9t\u00e9 de courtage d\u2019assurances.<\/p>\n<p>Ces nouvelles soci\u00e9t\u00e9s fonctionneront concomitamment avec l\u2019op\u00e9rateur public qui est la Soci\u00e9t\u00e9 nationale d\u2019assurances (SONAS).<\/p>\n<p><ins data-revive-zoneid=\"9\" data-revive-id=\"10111e19d28d19d031742ee3b0b33eb0\"\/> <\/p>\n<p>C\u2019est par une loi du 17 mars 2015 portant code des assurances que la \u00a0lib\u00e9ralisation du secteur avait \u00e9t\u00e9 d\u00e9cid\u00e9e.<\/p>\n<\/div>\n<p>Auteur: APA News<br \/>\n<a href=\"https:\/\/www.journalducameroun.com\/fr\/rd-congo-quatre-societes-privees-dassurance-agreees\/\">Cliquez ici pour lire l&rsquo;article depuis sa source.<\/a><\/p>\n","protected":false},"excerpt":{"rendered":"<p>Publi\u00e9 le 28.03.2019 \u00e0 20h18 par APA News La lib\u00e9ralisation du secteur des assurances en RD Congo est d\u00e9sormais effective avec l\u2019annonce faite jeudi \u00e0 Kinshasa de l\u2019octroi de l\u2019agr\u00e9ment et de l\u2019autorisation de fonctionner \u00e0 quatre soci\u00e9t\u00e9s priv\u00e9es d\u2019assurances et \u00e0 deux soci\u00e9t\u00e9s de courtage d\u2019assurances par l\u2019Autorit\u00e9 de r\u00e9gulation et de contr\u00f4le des [&hellip;]<\/p>\n","protected":false},"author":1965,"featured_media":0,"comment_status":"closed","ping_status":"closed","sticky":false,"template":"","format":"standard","meta":{"fifu_image_url":"","fifu_image_alt":"","footnotes":""},"categories":[73,82],"tags":[],"class_list":["post-24643","post","type-post","status-publish","format-standard","hentry","category-actualite","category-cameroun"],"_links":{"self":[{"href":"https:\/\/linitiative.ca\/International\/wp-json\/wp\/v2\/posts\/24643","targetHints":{"allow":["GET"]}}],"collection":[{"href":"https:\/\/linitiative.ca\/International\/wp-json\/wp\/v2\/posts"}],"about":[{"href":"https:\/\/linitiative.ca\/International\/wp-json\/wp\/v2\/types\/post"}],"author":[{"embeddable":true,"href":"https:\/\/linitiative.ca\/International\/wp-json\/wp\/v2\/users\/1965"}],"replies":[{"embeddable":true,"href":"https:\/\/linitiative.ca\/International\/wp-json\/wp\/v2\/comments?post=24643"}],"version-history":[{"count":0,"href":"https:\/\/linitiative.ca\/International\/wp-json\/wp\/v2\/posts\/24643\/revisions"}],"wp:attachment":[{"href":"https:\/\/linitiative.ca\/International\/wp-json\/wp\/v2\/media?parent=24643"}],"wp:term":[{"taxonomy":"category","embeddable":true,"href":"https:\/\/linitiative.ca\/International\/wp-json\/wp\/v2\/categories?post=24643"},{"taxonomy":"post_tag","embeddable":true,"href":"https:\/\/linitiative.ca\/International\/wp-json\/wp\/v2\/tags?post=24643"}],"curies":[{"name":"wp","href":"https:\/\/api.w.org\/{rel}","templated":true}]}}