{"id":24697,"date":"2019-03-29T13:58:52","date_gmt":"2019-03-29T17:58:52","guid":{"rendered":"https:\/\/linitiative.ca\/International\/creation-dentreprises-a-essaouira-37-certificats-negatifs-delivres-en-fevrier-dernier\/"},"modified":"2019-03-29T13:58:52","modified_gmt":"2019-03-29T17:58:52","slug":"creation-dentreprises-a-essaouira-37-certificats-negatifs-delivres-en-fevrier-dernier","status":"publish","type":"post","link":"https:\/\/linitiative.ca\/International\/creation-dentreprises-a-essaouira-37-certificats-negatifs-delivres-en-fevrier-dernier\/","title":{"rendered":"Cr\u00e9ation d\u2019entreprises \u00e0 Essaouira : 37 certificats n\u00e9gatifs d\u00e9livr\u00e9s en f\u00e9vrier dernier"},"content":{"rendered":"<div readability=\"37\">\n<p>Essaouira \u2013 Le nombre de certificats n\u00e9gatifs pour la cr\u00e9ation d\u2019entreprises, accord\u00e9s par la D\u00e9l\u00e9gation provinciale de l\u2019industrie et du commerce d\u2019Essaouira au titre du mois de f\u00e9vrier, a \u00e9t\u00e9 de l\u2019ordre de 37 autorisations contre seulement 18 certificats n\u00e9gatifs accord\u00e9s durant la m\u00eame p\u00e9riode de l\u2019ann\u00e9e \u00e9coul\u00e9e.<\/p>\n<\/div>\n<div readability=\"108\">\n<p>Par nature juridique des entreprises, les Soci\u00e9t\u00e9s \u00e0 Responsabilit\u00e9 Limit\u00e9e (SARL) occupent la premi\u00e8re place avec 32 certificats n\u00e9gatifs, soit 86% du total, alors que la seconde et derni\u00e8re position est revenue aux Personnes Physiques (PP), avec 05 autorisations, soit 14% du total, selon le dernier rapport de conjoncture \u00e9conomique fourni par ladite D\u00e9l\u00e9gation.<\/p>\n<p>Au cours du mois de f\u00e9vrier dernier, le nombre des immatriculations au registre du Commerce aupr\u00e8s du Tribunal de 1\u00e8re Instance d\u2019Essaouira a \u00e9t\u00e9 de l\u2019ordre de 29 contre 25 immatriculations au mois de janvier dernier, soit une hausse de 16%, pr\u00e9cise-t-on de m\u00eame source.<\/p>\n<p>Et de poursuivre que les Personnes Physiques arrivent au premier rang avec 19 immatriculations, soit 66% du total, suivies des SARL avec 10 immatriculations, ce qui correspond \u00e0 34% du total.<\/p>\n<p>S\u2019agissant de la r\u00e9partition g\u00e9ographique des certificats n\u00e9gatifs durant le mois de f\u00e9vrier dernier, le rapport laisse constater que la seule ville d\u2019Essaouira s\u2019est accapar\u00e9e, au plan provincial, la part du lion avec 32 autorisations d\u00e9livr\u00e9es, soit 86% du total, suivie des communes territoriales de Had Dra, Bizdad, Sidi Kaouki, Imintlit, et Meskala, avec 05 certificats n\u00e9gatifs (soit 14%).<\/p>\n<p>En rapport avec les secteurs d\u2019activit\u00e9s \u00e9conomiques, il est \u00e0 signaler que le secteur des Services arrive en t\u00eate avec 18 certificats (49%), suivi respectivement des secteurs du Commerce, avec 09 certificats n\u00e9gatifs (24%) et du B\u00e2timent et Travaux Publics (BTP) avec 05 certificats (13%).<\/p>\n<p>Quant au secteur du Tourisme, il a obtenu 04 certificats n\u00e9gatifs (11%), tandis que celui de l\u2019agriculture arrive en dernier rang, avec 01 certificat, soit 3% du total, souligne-t-on de m\u00eame source.<\/p>\n<p>En termes d\u2019investissements projet\u00e9s, les autorisations de cr\u00e9ation d\u2019entreprises accord\u00e9es durant la m\u00eame p\u00e9riode, peuvent g\u00e9n\u00e9rer un montant estim\u00e9 \u00e0 17.600.000,00 DH, dont 9% proviennent des Investissements des \u00e9trangers, avec 80 emplois projet\u00e9s, au lieu de 49 emplois au titre de la m\u00eame p\u00e9riode de l\u2019ann\u00e9e \u00e9coul\u00e9e.<\/p>\n<p>La D\u00e9l\u00e9gation de l\u2019industrie et du commerce d\u2019Essaouira indique, en outre, que durant la m\u00eame p\u00e9riode, 04 marques ont \u00e9t\u00e9 d\u00e9pos\u00e9es concernant les secteurs de l\u2019industrie, des Services et du commerce, relevant, par ailleurs, avoir d\u00e9livr\u00e9 09 certificats n\u00e9gatifs pour la cr\u00e9ation d\u2019enseignes commerciales.<\/p>\n<\/div>\n<p>Auteur: Meriem IGASS<br \/>\n<a href=\"http:\/\/www.mapmarrakech.ma\/fr\/creation-dentreprises-a-essaouira-37-certificats-negatifs-delivres-en-fevrier-dernier\/\">Cliquez ici pour lire l&rsquo;article depuis sa source.<\/a><\/p>\n","protected":false},"excerpt":{"rendered":"<p>Essaouira \u2013 Le nombre de certificats n\u00e9gatifs pour la cr\u00e9ation d\u2019entreprises, accord\u00e9s par la D\u00e9l\u00e9gation provinciale de l\u2019industrie et du commerce d\u2019Essaouira au titre du mois de f\u00e9vrier, a \u00e9t\u00e9 de l\u2019ordre de 37 autorisations contre seulement 18 certificats n\u00e9gatifs accord\u00e9s durant la m\u00eame p\u00e9riode de l\u2019ann\u00e9e \u00e9coul\u00e9e. Par nature juridique des entreprises, les Soci\u00e9t\u00e9s [&hellip;]<\/p>\n","protected":false},"author":1788,"featured_media":0,"comment_status":"closed","ping_status":"closed","sticky":false,"template":"","format":"standard","meta":{"fifu_image_url":"","fifu_image_alt":"","footnotes":""},"categories":[54,76],"tags":[],"class_list":["post-24697","post","type-post","status-publish","format-standard","hentry","category-maroc","category-regions"],"_links":{"self":[{"href":"https:\/\/linitiative.ca\/International\/wp-json\/wp\/v2\/posts\/24697","targetHints":{"allow":["GET"]}}],"collection":[{"href":"https:\/\/linitiative.ca\/International\/wp-json\/wp\/v2\/posts"}],"about":[{"href":"https:\/\/linitiative.ca\/International\/wp-json\/wp\/v2\/types\/post"}],"author":[{"embeddable":true,"href":"https:\/\/linitiative.ca\/International\/wp-json\/wp\/v2\/users\/1788"}],"replies":[{"embeddable":true,"href":"https:\/\/linitiative.ca\/International\/wp-json\/wp\/v2\/comments?post=24697"}],"version-history":[{"count":0,"href":"https:\/\/linitiative.ca\/International\/wp-json\/wp\/v2\/posts\/24697\/revisions"}],"wp:attachment":[{"href":"https:\/\/linitiative.ca\/International\/wp-json\/wp\/v2\/media?parent=24697"}],"wp:term":[{"taxonomy":"category","embeddable":true,"href":"https:\/\/linitiative.ca\/International\/wp-json\/wp\/v2\/categories?post=24697"},{"taxonomy":"post_tag","embeddable":true,"href":"https:\/\/linitiative.ca\/International\/wp-json\/wp\/v2\/tags?post=24697"}],"curies":[{"name":"wp","href":"https:\/\/api.w.org\/{rel}","templated":true}]}}