{"id":24704,"date":"2019-03-29T06:30:00","date_gmt":"2019-03-29T10:30:00","guid":{"rendered":"https:\/\/linitiative.ca\/International\/cooperation-decentralisee-les-lecons-de-loriental\/"},"modified":"2019-03-29T06:30:00","modified_gmt":"2019-03-29T10:30:00","slug":"cooperation-decentralisee-les-lecons-de-loriental","status":"publish","type":"post","link":"https:\/\/linitiative.ca\/International\/cooperation-decentralisee-les-lecons-de-loriental\/","title":{"rendered":"Coop\u00e9ration d\u00e9centralis\u00e9e: Les le\u00e7ons de l&rsquo;Oriental"},"content":{"rendered":"<div readability=\"35\">\n<p>Protocole d&rsquo;entente, charte de coop\u00e9ration et plateforme \u00e9lectronique officialis\u00e9s<\/p>\n<p>Lancement de partenariats bilat\u00e9raux et multipartites<\/p>\n<\/div>\n<div readability=\"92.5\">\n<p class=\"rtejustify\">Une cinquantaine de collectivit\u00e9s africaines et europ\u00e9ennes ont particip\u00e9, lundi et mardi \u00e0 Sa\u00efdia, au \u00abForum international de la coop\u00e9ration et des partenariats locaux\u00bb.<\/p>\n<p class=\"rtejustify\">Deux jours pour capitaliser sur le mode de fonctionnement de la coop\u00e9ration d\u00e9centralis\u00e9e, les objectifs atteints, les contraintes et les limites de ce mod\u00e8le de compl\u00e9mentarit\u00e9 \u00e9conomique. \u00abLa coop\u00e9ration ne mobilise pas seulement les collectivit\u00e9s territoriales mais tous les aspects de la vie locale\u00bb, a soulign\u00e9 Mouad El Jamai, wali de l\u2019Oriental et gouverneur de la pr\u00e9fecture d\u2019Oujda.<\/p>\n<p class=\"rtejustify\">Un avis partag\u00e9 par Jean Rottner, respectivement pr\u00e9sident de la r\u00e9gion de l\u2019Oriental et de la r\u00e9gion du Grand Est (France). Pour eux, la coop\u00e9ration d\u00e9centralis\u00e9e est devenue un corollaire de la coop\u00e9ration classique et couvre pratiquement tous les secteurs: \u00e9conomique, logistique, agricole, environnemental ou encore de sant\u00e9 ou de formation.<\/p>\n<p class=\"rtejustify\">\u00abM\u00eame si l&rsquo;Oriental a d\u00e9j\u00e0 d\u00e9fini ses choix strat\u00e9giques \u00e9conomiques ou autres, la coop\u00e9ration d\u00e9centralis\u00e9e permettrait \u00e0 la r\u00e9gion de se perfectionner davantage en apprenant des exp\u00e9riences des autres pays ici pr\u00e9sents\u00bb, a ajout\u00e9 El Jamai.<\/p>\n<p class=\"rtejustify\">Rien de tout cela ne serait possible sans l&rsquo;implication des \u00e9lus dans le processus, insiste pour sa part Jean Pierre Elong Mbassi, SG de l\u2019Association des collectivit\u00e9s et des gouvernements locaux unis\u2013Afrique. Les \u00e9lus territoriaux ont d&rsquo;ailleurs constitu\u00e9 une plateforme de mutualisation des ressources afin de concr\u00e9tiser des objectifs dans le cadre d\u2019une programmation annuelle ou pluriannuelle.<\/p>\n<p class=\"rtejustify\">\u00abL\u2019apport des industries culturelles et cr\u00e9atives \u00e0 l\u2019\u00e8re du digital est \u00e9galement d\u00e9terminant dans la p\u00e9rennisation de ces partenariats\u00bb, a expliqu\u00e9 Abdelkader Bitari, pr\u00e9sident du r\u00e9seau Anima Investment Network et sp\u00e9cialiste en nouvelles technologies. D\u2019o\u00f9 la n\u00e9cessit\u00e9\u00a0 d\u2019accorder une place de choix au volet culturel comme vecteur de rapprochement socio\u00e9conomique entre les territoires.\u00a0<\/p>\n<p class=\"rtejustify\">Et in fine, faudrait-il aussi am\u00e9liorer les proc\u00e9dures pour faciliter l\u2019acc\u00e8s aux ressources disponibles (techniques, financi\u00e8res, formations, expertises\u2026), capitaliser sur les bonnes pratiques et la formation des op\u00e9rateurs et d\u00e9cideurs. Il faut \u00e9galement garder en m\u00e9moire que la comp\u00e9tition entre r\u00e9gions fait rage pour attirer un maximum d&rsquo;investisseurs et de comp\u00e9tences, et que le seul moyen de se d\u00e9marquer reste l&rsquo;innovation.<\/p>\n<blockquote readability=\"12\">\n<p class=\"rtecenter\"><strong><span class=\"c2\">De nouveaux outils de coop\u00e9ration<\/span><\/strong><\/p>\n<p class=\"rtejustify\">L&rsquo;Oriental a de quoi s&rsquo;inspirer pour r\u00e9ussir sa transition et son d\u00e9collage. Premier r\u00e9sultat du forum de Sa\u00efdia, une plateforme \u00e9lectronique de coop\u00e9ration entre les r\u00e9gions qui ont particip\u00e9 \u00e0 cette rencontre. Elle permettra de mutualiser les ressources et les moyens pour concr\u00e9tiser les objectifs d\u00e9cid\u00e9s lors du forum. Elle sera log\u00e9e \u00e0 la Technopole d\u2019Oujda. Tout aussi important, le pilotage de formation en Afrique sur le coaching territorial qui sera institu\u00e9 entre l\u2019Oriental et la CGLU (Cit\u00e9s et gouvernements locaux unis d&rsquo;Afrique). Plusieurs autres conventions ont aussi \u00e9t\u00e9 conclues lors de ce forum:<br \/>&#8211; CHU de Rennes et celui d\u2019Oujda<br \/>&#8211; Facult\u00e9 de m\u00e9decine de Rennes et celle d\u2019Oujda<br \/>&#8211; La ville de Guercif avec la commune de Vand\u0153uvre-l\u00e8s-Nancy<br \/>&#8211; La ville de Berkane avec Bondy<\/p>\n<\/blockquote>\n<p class=\"rtejustify\"><em>De notre correspondant permanent, Ali KHARROUBI<\/em><\/p>\n<p class=\"rtejustify\">\u00a0<\/p>\n<p class=\"rtejustify\">\u00a0<\/p>\n<\/div>\n<p>Auteur: hlafriqi<br \/>\n<a href=\"https:\/\/www.leconomiste.com\/article\/1042856-cooperation-decentralisee-les-lecons-de-l-oriental\">Cliquez ici pour lire l&rsquo;article depuis sa source.<\/a><\/p>\n","protected":false},"excerpt":{"rendered":"<p>Protocole d&rsquo;entente, charte de coop\u00e9ration et plateforme \u00e9lectronique officialis\u00e9s Lancement de partenariats bilat\u00e9raux et multipartites Une cinquantaine de collectivit\u00e9s africaines et europ\u00e9ennes ont particip\u00e9, lundi et mardi \u00e0 Sa\u00efdia, au \u00abForum international de la coop\u00e9ration et des partenariats locaux\u00bb. Deux jours pour capitaliser sur le mode de fonctionnement de la coop\u00e9ration d\u00e9centralis\u00e9e, les objectifs atteints, [&hellip;]<\/p>\n","protected":false},"author":1763,"featured_media":0,"comment_status":"closed","ping_status":"closed","sticky":false,"template":"","format":"standard","meta":{"fifu_image_url":"","fifu_image_alt":"","footnotes":""},"categories":[78,54],"tags":[],"class_list":["post-24704","post","type-post","status-publish","format-standard","hentry","category-economie","category-maroc"],"_links":{"self":[{"href":"https:\/\/linitiative.ca\/International\/wp-json\/wp\/v2\/posts\/24704","targetHints":{"allow":["GET"]}}],"collection":[{"href":"https:\/\/linitiative.ca\/International\/wp-json\/wp\/v2\/posts"}],"about":[{"href":"https:\/\/linitiative.ca\/International\/wp-json\/wp\/v2\/types\/post"}],"author":[{"embeddable":true,"href":"https:\/\/linitiative.ca\/International\/wp-json\/wp\/v2\/users\/1763"}],"replies":[{"embeddable":true,"href":"https:\/\/linitiative.ca\/International\/wp-json\/wp\/v2\/comments?post=24704"}],"version-history":[{"count":0,"href":"https:\/\/linitiative.ca\/International\/wp-json\/wp\/v2\/posts\/24704\/revisions"}],"wp:attachment":[{"href":"https:\/\/linitiative.ca\/International\/wp-json\/wp\/v2\/media?parent=24704"}],"wp:term":[{"taxonomy":"category","embeddable":true,"href":"https:\/\/linitiative.ca\/International\/wp-json\/wp\/v2\/categories?post=24704"},{"taxonomy":"post_tag","embeddable":true,"href":"https:\/\/linitiative.ca\/International\/wp-json\/wp\/v2\/tags?post=24704"}],"curies":[{"name":"wp","href":"https:\/\/api.w.org\/{rel}","templated":true}]}}