{"id":24729,"date":"2019-03-29T15:14:34","date_gmt":"2019-03-29T19:14:34","guid":{"rendered":"https:\/\/linitiative.ca\/International\/international-ogc-nice-mauvaise-nouvelle-pour-atal\/"},"modified":"2019-03-29T15:14:34","modified_gmt":"2019-03-29T19:14:34","slug":"international-ogc-nice-mauvaise-nouvelle-pour-atal","status":"publish","type":"post","link":"https:\/\/linitiative.ca\/International\/international-ogc-nice-mauvaise-nouvelle-pour-atal\/","title":{"rendered":"International : OGC Nice: Mauvaise nouvelle pour Atal"},"content":{"rendered":"<div readability=\"32\">\n<p>Auteur : <span class=\"time\">vendredi 29 mars 2019 16:25<\/span><\/p>\n<\/div>\n<div id=\"post_core\" readability=\"38\">\n<p>Deux coups durs pour Nice. Malang Sarr et Youcef Atal sont forfaits pour la rencontre de la 30e journ\u00e9e de Ligue 1 sur le terrain de Dijon, comme l&rsquo;a indiqu\u00e9 le club ni\u00e7ois sur son site. Les deux joueurs sont revenus bless\u00e9s de la tr\u00eave internationale. Le d\u00e9fenseur fran\u00e7ais est atteint d&rsquo;une lombalgie, contract\u00e9e avec les Espoirs, tandis que le lat\u00e9ral droit souffre d&rsquo;une l\u00e9sion aux ischio-jambiers intervenue lors du rassemblement avec l&rsquo;Alg\u00e9rie. Myziane Maolida et Christophe Jallet sont eux toujours \u00e0 l&rsquo;infirmerie rapporte L\u2019Equipe.fr.<\/p>\n<p><strong>Publi\u00e9 dans :<\/strong> <span>Atal<\/span><\/p>\n<\/div>\n<p>Auteur:<br \/>\n<a href=\"http:\/\/www.lebuteur.com\/article\/detail?titre=ogc-nice-mauvaise-nouvelle-pour-atal&#038;id=87556&#038;utm_source=feedburner&#038;utm_medium=feed&#038;utm_campaign=Feed%3A+GalerieFArtciles+%28Les+derniers+articles++-+lebuteur.com%29\">Cliquez ici pour lire l&rsquo;article depuis sa source.<\/a><\/p>\n","protected":false},"excerpt":{"rendered":"<p>Auteur : vendredi 29 mars 2019 16:25 Deux coups durs pour Nice. Malang Sarr et Youcef Atal sont forfaits pour la rencontre de la 30e journ\u00e9e de Ligue 1 sur le terrain de Dijon, comme l&rsquo;a indiqu\u00e9 le club ni\u00e7ois sur son site. Les deux joueurs sont revenus bless\u00e9s de la tr\u00eave internationale. Le d\u00e9fenseur [&hellip;]<\/p>\n","protected":false},"author":1738,"featured_media":24730,"comment_status":"closed","ping_status":"closed","sticky":false,"template":"","format":"standard","meta":{"fifu_image_url":"","fifu_image_alt":"","footnotes":""},"categories":[53,75],"tags":[],"class_list":["post-24729","post","type-post","status-publish","format-standard","has-post-thumbnail","hentry","category-algerie","category-sport"],"_links":{"self":[{"href":"https:\/\/linitiative.ca\/International\/wp-json\/wp\/v2\/posts\/24729","targetHints":{"allow":["GET"]}}],"collection":[{"href":"https:\/\/linitiative.ca\/International\/wp-json\/wp\/v2\/posts"}],"about":[{"href":"https:\/\/linitiative.ca\/International\/wp-json\/wp\/v2\/types\/post"}],"author":[{"embeddable":true,"href":"https:\/\/linitiative.ca\/International\/wp-json\/wp\/v2\/users\/1738"}],"replies":[{"embeddable":true,"href":"https:\/\/linitiative.ca\/International\/wp-json\/wp\/v2\/comments?post=24729"}],"version-history":[{"count":0,"href":"https:\/\/linitiative.ca\/International\/wp-json\/wp\/v2\/posts\/24729\/revisions"}],"wp:featuredmedia":[{"embeddable":true,"href":"https:\/\/linitiative.ca\/International\/wp-json\/"}],"wp:attachment":[{"href":"https:\/\/linitiative.ca\/International\/wp-json\/wp\/v2\/media?parent=24729"}],"wp:term":[{"taxonomy":"category","embeddable":true,"href":"https:\/\/linitiative.ca\/International\/wp-json\/wp\/v2\/categories?post=24729"},{"taxonomy":"post_tag","embeddable":true,"href":"https:\/\/linitiative.ca\/International\/wp-json\/wp\/v2\/tags?post=24729"}],"curies":[{"name":"wp","href":"https:\/\/api.w.org\/{rel}","templated":true}]}}