{"id":24731,"date":"2019-03-29T15:14:35","date_gmt":"2019-03-29T19:14:35","guid":{"rendered":"https:\/\/linitiative.ca\/International\/pros-dijon-mehdi-abeid-absent-face-a-nice\/"},"modified":"2019-03-29T15:14:35","modified_gmt":"2019-03-29T19:14:35","slug":"pros-dijon-mehdi-abeid-absent-face-a-nice","status":"publish","type":"post","link":"https:\/\/linitiative.ca\/International\/pros-dijon-mehdi-abeid-absent-face-a-nice\/","title":{"rendered":"Pros : Dijon: Mehdi Abeid absent face \u00e0 Nice"},"content":{"rendered":"<div readability=\"32\">\n<p>Auteur : <span class=\"time\">vendredi 29 mars 2019 16:35<\/span><\/p>\n<\/div>\n<div id=\"post_core\" readability=\"49\">\n<p>\u00abMehdi Abeid (quadriceps), Na\u00efm Sliti (ischios), Nayef Aguerd (genou), Arnold Bouka Moutou (mollet) et Valentin Rosier (pied) sont bless\u00e9s \u00bb, a annonc\u00e9 Antoine Kombouar\u00e9, l&rsquo;entra\u00eeneur de Dijon, en conf\u00e9rence de presse ce vendredi. Ils manqueront donc la r\u00e9ception de Nice, ce dimanche (15h). Sliti, titulaire avec la Tunisie contre l&rsquo;Alg\u00e9rie en amical (0-1), avait d\u00fb sortir \u00e0 la 42e minute. Abeid, entr\u00e9 en cours du jeu avec les Fennecs, avait aussi d\u00fb quitter ses partenaires. Rosier est lui toujours bless\u00e9 au m\u00e9tatarse. \u00ab Les absences ne sont pas une excuse. Ceux qui vont les remplacer auront l&rsquo;occasion de prouver des choses \u00bb, a n\u00e9anmoins pr\u00e9venu Kombouar\u00e9 comme rapport\u00e9 par l\u2019Equipe.fr<\/p>\n<p><strong>Publi\u00e9 dans :<\/strong> <span>mehdi abeid<\/span><\/p>\n<\/div>\n<p>Auteur:<br \/>\n<a href=\"http:\/\/www.lebuteur.com\/article\/detail?titre=dijon-mehdi-abeid-absent-face-a-nice&#038;id=87557&#038;utm_source=feedburner&#038;utm_medium=feed&#038;utm_campaign=Feed%3A+GalerieFArtciles+%28Les+derniers+articles++-+lebuteur.com%29\">Cliquez ici pour lire l&rsquo;article depuis sa source.<\/a><\/p>\n","protected":false},"excerpt":{"rendered":"<p>Auteur : vendredi 29 mars 2019 16:35 \u00abMehdi Abeid (quadriceps), Na\u00efm Sliti (ischios), Nayef Aguerd (genou), Arnold Bouka Moutou (mollet) et Valentin Rosier (pied) sont bless\u00e9s \u00bb, a annonc\u00e9 Antoine Kombouar\u00e9, l&rsquo;entra\u00eeneur de Dijon, en conf\u00e9rence de presse ce vendredi. Ils manqueront donc la r\u00e9ception de Nice, ce dimanche (15h). Sliti, titulaire avec la Tunisie [&hellip;]<\/p>\n","protected":false},"author":1738,"featured_media":24732,"comment_status":"closed","ping_status":"closed","sticky":false,"template":"","format":"standard","meta":{"fifu_image_url":"","fifu_image_alt":"","footnotes":""},"categories":[53,75],"tags":[],"class_list":["post-24731","post","type-post","status-publish","format-standard","has-post-thumbnail","hentry","category-algerie","category-sport"],"_links":{"self":[{"href":"https:\/\/linitiative.ca\/International\/wp-json\/wp\/v2\/posts\/24731","targetHints":{"allow":["GET"]}}],"collection":[{"href":"https:\/\/linitiative.ca\/International\/wp-json\/wp\/v2\/posts"}],"about":[{"href":"https:\/\/linitiative.ca\/International\/wp-json\/wp\/v2\/types\/post"}],"author":[{"embeddable":true,"href":"https:\/\/linitiative.ca\/International\/wp-json\/wp\/v2\/users\/1738"}],"replies":[{"embeddable":true,"href":"https:\/\/linitiative.ca\/International\/wp-json\/wp\/v2\/comments?post=24731"}],"version-history":[{"count":0,"href":"https:\/\/linitiative.ca\/International\/wp-json\/wp\/v2\/posts\/24731\/revisions"}],"wp:featuredmedia":[{"embeddable":true,"href":"https:\/\/linitiative.ca\/International\/wp-json\/"}],"wp:attachment":[{"href":"https:\/\/linitiative.ca\/International\/wp-json\/wp\/v2\/media?parent=24731"}],"wp:term":[{"taxonomy":"category","embeddable":true,"href":"https:\/\/linitiative.ca\/International\/wp-json\/wp\/v2\/categories?post=24731"},{"taxonomy":"post_tag","embeddable":true,"href":"https:\/\/linitiative.ca\/International\/wp-json\/wp\/v2\/tags?post=24731"}],"curies":[{"name":"wp","href":"https:\/\/api.w.org\/{rel}","templated":true}]}}