{"id":24733,"date":"2019-03-29T15:14:36","date_gmt":"2019-03-29T19:14:36","guid":{"rendered":"https:\/\/linitiative.ca\/International\/international-man-city-guardiola-pret-a-retirer-ses-joueurs-du-terrain-a-cause-du-racisme\/"},"modified":"2019-03-29T15:14:36","modified_gmt":"2019-03-29T19:14:36","slug":"international-man-city-guardiola-pret-a-retirer-ses-joueurs-du-terrain-a-cause-du-racisme","status":"publish","type":"post","link":"https:\/\/linitiative.ca\/International\/international-man-city-guardiola-pret-a-retirer-ses-joueurs-du-terrain-a-cause-du-racisme\/","title":{"rendered":"International : Man City : Guardiola pr\u00eat \u00e0 retirer ses joueurs du terrain \u00e0 cause du racisme"},"content":{"rendered":"<div readability=\"32\">\n<p>Auteur : <span class=\"time\">vendredi 29 mars 2019 19:52<\/span><\/p>\n<\/div>\n<div id=\"post_core\" readability=\"62\">\n<p>\u00ab\u00a0Je devrais impliquer le club, le pr\u00e9sident, les directeurs g\u00e9n\u00e9raux, mon capitaine, l&rsquo;\u00e9quipe et les joueurs, si nous d\u00e9cidons tous ensemble que nous pouvons le faire, pourquoi pas ?\u00a0\u00bb, a d\u00e9clar\u00e9 Guardiola, interrog\u00e9 sur la perspective de faire sortir son \u00e9quipe du terrain, en cas d&rsquo;injures racistes.\u00a0<\/p>\n<p>Lundi, l&rsquo;Anglais Raheem Sterling s&rsquo;est plaint du comportement raciste du public de Podgorica, au Mont\u00e9n\u00e9gro, lors d&rsquo;une rencontre internationale qualificative pour l&rsquo;Euro-2020. \u00ab\u00a0La situation change lorsque vous faites quelque chose, c&rsquo;est pourquoi, lorsque des gens comme lui (Sterling) ou d&rsquo;autres cas expriment ce qu&rsquo;ils disent, c&rsquo;est bon pour notre avenir, pour notre soci\u00e9t\u00e9\u00a0\u00bb, a d\u00e9clar\u00e9 Pep Guardiola, tout en pr\u00e9cisant que \u00ab\u00a0le probl\u00e8me n&rsquo;est pas le football lui-m\u00eame, mais la soci\u00e9t\u00e9, que se passe-t-il en Europe ?\u00a0\u00bb Des propos relay\u00e9s par Sport24.<\/p>\n<p><strong>Publi\u00e9 dans :<\/strong> <span>Manchester City<\/span><\/p>\n<\/div>\n<p>Auteur:<br \/>\n<a href=\"http:\/\/www.lebuteur.com\/article\/detail?titre=man-city-guardiola-pret-a-retirer-ses-joueurs-du-terrain-a-cause-du-racisme&#038;id=87558&#038;utm_source=feedburner&#038;utm_medium=feed&#038;utm_campaign=Feed%3A+GalerieFArtciles+%28Les+derniers+articles++-+lebuteur.com%29\">Cliquez ici pour lire l&rsquo;article depuis sa source.<\/a><\/p>\n","protected":false},"excerpt":{"rendered":"<p>Auteur : vendredi 29 mars 2019 19:52 \u00ab\u00a0Je devrais impliquer le club, le pr\u00e9sident, les directeurs g\u00e9n\u00e9raux, mon capitaine, l&rsquo;\u00e9quipe et les joueurs, si nous d\u00e9cidons tous ensemble que nous pouvons le faire, pourquoi pas ?\u00a0\u00bb, a d\u00e9clar\u00e9 Guardiola, interrog\u00e9 sur la perspective de faire sortir son \u00e9quipe du terrain, en cas d&rsquo;injures racistes.\u00a0 Lundi, [&hellip;]<\/p>\n","protected":false},"author":1738,"featured_media":24734,"comment_status":"closed","ping_status":"closed","sticky":false,"template":"","format":"standard","meta":{"fifu_image_url":"","fifu_image_alt":"","footnotes":""},"categories":[53,75],"tags":[],"class_list":["post-24733","post","type-post","status-publish","format-standard","has-post-thumbnail","hentry","category-algerie","category-sport"],"_links":{"self":[{"href":"https:\/\/linitiative.ca\/International\/wp-json\/wp\/v2\/posts\/24733","targetHints":{"allow":["GET"]}}],"collection":[{"href":"https:\/\/linitiative.ca\/International\/wp-json\/wp\/v2\/posts"}],"about":[{"href":"https:\/\/linitiative.ca\/International\/wp-json\/wp\/v2\/types\/post"}],"author":[{"embeddable":true,"href":"https:\/\/linitiative.ca\/International\/wp-json\/wp\/v2\/users\/1738"}],"replies":[{"embeddable":true,"href":"https:\/\/linitiative.ca\/International\/wp-json\/wp\/v2\/comments?post=24733"}],"version-history":[{"count":0,"href":"https:\/\/linitiative.ca\/International\/wp-json\/wp\/v2\/posts\/24733\/revisions"}],"wp:featuredmedia":[{"embeddable":true,"href":"https:\/\/linitiative.ca\/International\/wp-json\/"}],"wp:attachment":[{"href":"https:\/\/linitiative.ca\/International\/wp-json\/wp\/v2\/media?parent=24733"}],"wp:term":[{"taxonomy":"category","embeddable":true,"href":"https:\/\/linitiative.ca\/International\/wp-json\/wp\/v2\/categories?post=24733"},{"taxonomy":"post_tag","embeddable":true,"href":"https:\/\/linitiative.ca\/International\/wp-json\/wp\/v2\/tags?post=24733"}],"curies":[{"name":"wp","href":"https:\/\/api.w.org\/{rel}","templated":true}]}}