{"id":24737,"date":"2019-03-29T12:34:00","date_gmt":"2019-03-29T16:34:00","guid":{"rendered":"https:\/\/linitiative.ca\/International\/contrebande-de-medicaments-demantelement-dun-reseau-specialise-a-constantine\/"},"modified":"2019-03-29T12:34:00","modified_gmt":"2019-03-29T16:34:00","slug":"contrebande-de-medicaments-demantelement-dun-reseau-specialise-a-constantine","status":"publish","type":"post","link":"https:\/\/linitiative.ca\/International\/contrebande-de-medicaments-demantelement-dun-reseau-specialise-a-constantine\/","title":{"rendered":"CONTREBANDE DE MEDICAMENTS : D\u00e9mant\u00e8lement d\u2019un r\u00e9seau sp\u00e9cialis\u00e9 \u00e0 Constantine"},"content":{"rendered":"<p><br id=\"sep_para_1\" class=\"sep_para access\"\/><\/p>\n<div id=\"para_1\" class=\"para_30026947 resize\">\n<div class=\"texte access firstletter\">Un r\u00e9seau international sp\u00e9cialis\u00e9 dans le trafic et la contrebande de produits pharmaceutiques a \u00e9t\u00e9 d\u00e9mantel\u00e9 suite \u00e0 une vaste op\u00e9ration men\u00e9e par la brigade de Recherche et d\u2019intervention (BRI) de la s\u00fbret\u00e9 de wilaya de Constantine, a rapport\u00e9, ce vendredi 29 mars, une source m\u00e9diatique. Les trois individus impliqu\u00e9s sont \u00e2g\u00e9s entre 30 et 35 ans. Ils activaient au niveau international et introduisaient sur le sol alg\u00e9rien des produits pharmaceutiques et des m\u00e9dicaments non autoris\u00e9s qui peuvent induire un effet de drogue. Cette op\u00e9ration a \u00e9t\u00e9 \u00e9lucid\u00e9e suite \u00e0 des informations parvenues \u00e0 la brigade de Recherche et d\u2019intervention qui, lors de la fouille d\u2019un entrep\u00f4t \u00e0 Bekira. Ainsi, le chef du r\u00e9seau, voire l\u2019accus\u00e9 principal \u00e0 \u00e9t\u00e9 arr\u00eat\u00e9. Une importante quantit\u00e9 de m\u00e9dicaments, soit 10 864 comprim\u00e9s, une somme d\u2019argent et la voiture ont \u00e9t\u00e9, en effet, saisis. Selon les d\u00e9tails fournis par la police, les mis en cause ont \u00e9t\u00e9 identifi\u00e9s et ont \u00e9t\u00e9 pr\u00e9sent\u00e9s jeudi dernier devant le tribunal de Constantine.<\/div>\n<\/div>\n<p>Auteur: Nadine<br \/>\n<a href=\"https:\/\/www.reflexiondz.net\/CONTREBANDE-DE-MEDICAMENTS-Demantelement-d-un-reseau-specialise-a-Constantine_a55151.html\">Cliquez ici pour lire l&rsquo;article depuis sa source.<\/a><\/p>\n","protected":false},"excerpt":{"rendered":"<p>Un r\u00e9seau international sp\u00e9cialis\u00e9 dans le trafic et la contrebande de produits pharmaceutiques a \u00e9t\u00e9 d\u00e9mantel\u00e9 suite \u00e0 une vaste op\u00e9ration men\u00e9e par la brigade de Recherche et d\u2019intervention (BRI) de la s\u00fbret\u00e9 de wilaya de Constantine, a rapport\u00e9, ce vendredi 29 mars, une source m\u00e9diatique. Les trois individus impliqu\u00e9s sont \u00e2g\u00e9s entre 30 et [&hellip;]<\/p>\n","protected":false},"author":1740,"featured_media":0,"comment_status":"closed","ping_status":"closed","sticky":false,"template":"","format":"standard","meta":{"fifu_image_url":"","fifu_image_alt":"","footnotes":""},"categories":[53,76],"tags":[],"class_list":["post-24737","post","type-post","status-publish","format-standard","hentry","category-algerie","category-regions"],"_links":{"self":[{"href":"https:\/\/linitiative.ca\/International\/wp-json\/wp\/v2\/posts\/24737","targetHints":{"allow":["GET"]}}],"collection":[{"href":"https:\/\/linitiative.ca\/International\/wp-json\/wp\/v2\/posts"}],"about":[{"href":"https:\/\/linitiative.ca\/International\/wp-json\/wp\/v2\/types\/post"}],"author":[{"embeddable":true,"href":"https:\/\/linitiative.ca\/International\/wp-json\/wp\/v2\/users\/1740"}],"replies":[{"embeddable":true,"href":"https:\/\/linitiative.ca\/International\/wp-json\/wp\/v2\/comments?post=24737"}],"version-history":[{"count":0,"href":"https:\/\/linitiative.ca\/International\/wp-json\/wp\/v2\/posts\/24737\/revisions"}],"wp:attachment":[{"href":"https:\/\/linitiative.ca\/International\/wp-json\/wp\/v2\/media?parent=24737"}],"wp:term":[{"taxonomy":"category","embeddable":true,"href":"https:\/\/linitiative.ca\/International\/wp-json\/wp\/v2\/categories?post=24737"},{"taxonomy":"post_tag","embeddable":true,"href":"https:\/\/linitiative.ca\/International\/wp-json\/wp\/v2\/tags?post=24737"}],"curies":[{"name":"wp","href":"https:\/\/api.w.org\/{rel}","templated":true}]}}