{"id":24738,"date":"2019-03-29T12:34:00","date_gmt":"2019-03-29T16:34:00","guid":{"rendered":"https:\/\/linitiative.ca\/International\/affaire-dounia-parc-le-ministere-des-finances-sexplique\/"},"modified":"2019-03-29T12:34:00","modified_gmt":"2019-03-29T16:34:00","slug":"affaire-dounia-parc-le-ministere-des-finances-sexplique","status":"publish","type":"post","link":"https:\/\/linitiative.ca\/International\/affaire-dounia-parc-le-ministere-des-finances-sexplique\/","title":{"rendered":"AFFAIRE DOUNIA PARC : Le Minist\u00e8re des Finances s\u2019explique"},"content":{"rendered":"<p><br id=\"sep_para_1\" class=\"sep_para access\"\/><\/p>\n<div id=\"para_1\" class=\"para_30026940 resize\">\n<div class=\"texte access firstletter\">En effet, suite aux informations parues dans la presse, relatives au projet d\u2019investissement \u00ab Dounia Parc \u00bb le minist\u00e8re des Finances a apport\u00e9, dans un communiqu\u00e9, des pr\u00e9cisions sur l\u2019\u00e9volution de la gestion de ce dit-projet. Selon ce texte, il s\u2019agit d\u2019un investissement portant am\u00e9nagement et mise en valeur d\u2019un site d\u00e9nomm\u00e9 \u00ab Parc des Grands Vents \u00bb, adoss\u00e9 \u00e0 la frange ouest de la ville d\u2019Alger. A cet effet, une convention d\u2019investissement avec le groupe \u00e9mirati \u00ab Emirat international investment compagny \u00bb (EIIC) a \u00e9t\u00e9 approuv\u00e9e en 2010 et sign\u00e9 en 2011. Ce projet devait comprendre la cr\u00e9ation d\u2019un parc public paysager de loisirs et de d\u00e9tente th\u00e9matis\u00e9 qui soit un compl\u00e9ment \u00e0 la ceinture verte d\u2019Alger, ainsi que la r\u00e9alisation d\u2019un complexe m\u00e9tropolitain compos\u00e9, notamment d\u2019un complexe r\u00e9sidentiel et deux h\u00f4tels 4 et 5 \u00e9toiles et d\u2019un centre de conventions et de conf\u00e9rences, pr\u00e9cise la m\u00eame source. \u00ab La r\u00e9alisation de ce projet, n\u2019a pu se mat\u00e9rialiser selon le programme trac\u00e9 compte tenu de contraintes diverses \u00bb, a soulign\u00e9 le minist\u00e8re des Finances. Face \u00e0 cette situation, et devant l\u2019appr\u00e9ciation divergente par les parties alg\u00e9rienne et \u00e9miratie, cette derni\u00e8re a introduit officiellement contre l\u2019Etat alg\u00e9rien une action en arbitrage aupr\u00e8s du Centre international pour le r\u00e8glement des diff\u00e9rends relatifs aux investissements (Cirdi), a continu\u00e9 la m\u00eame source. Il convient de signaler que la proc\u00e9dure d\u2019arbitrage est \u00e0 ses d\u00e9buts et qu\u2019en l\u2019occurrence aucune sentence n\u2019a \u00e9t\u00e9 prononc\u00e9e \u00e0 ce jour. \u00ab En cons\u00e9quence, toutes les informations faisant \u00e9tat de versements effectu\u00e9s, de quelques nature que ce soit, par l\u2019Etat alg\u00e9rien \u00e0 cette entreprise \u00e9miratie sont d\u00e9nu\u00e9es de tout fondement \u00bb, a indiqu\u00e9 le minist\u00e8re.<\/div>\n<\/div>\n<p>Auteur: Ismain<br \/>\n<a href=\"https:\/\/www.reflexiondz.net\/AFFAIRE-DOUNIA-PARC-Le-Ministere-des-Finances-s-explique_a55149.html\">Cliquez ici pour lire l&rsquo;article depuis sa source.<\/a><\/p>\n","protected":false},"excerpt":{"rendered":"<p>En effet, suite aux informations parues dans la presse, relatives au projet d\u2019investissement \u00ab Dounia Parc \u00bb le minist\u00e8re des Finances a apport\u00e9, dans un communiqu\u00e9, des pr\u00e9cisions sur l\u2019\u00e9volution de la gestion de ce dit-projet. Selon ce texte, il s\u2019agit d\u2019un investissement portant am\u00e9nagement et mise en valeur d\u2019un site d\u00e9nomm\u00e9 \u00ab Parc des [&hellip;]<\/p>\n","protected":false},"author":1740,"featured_media":0,"comment_status":"closed","ping_status":"closed","sticky":false,"template":"","format":"standard","meta":{"fifu_image_url":"","fifu_image_alt":"","footnotes":""},"categories":[53,76],"tags":[],"class_list":["post-24738","post","type-post","status-publish","format-standard","hentry","category-algerie","category-regions"],"_links":{"self":[{"href":"https:\/\/linitiative.ca\/International\/wp-json\/wp\/v2\/posts\/24738","targetHints":{"allow":["GET"]}}],"collection":[{"href":"https:\/\/linitiative.ca\/International\/wp-json\/wp\/v2\/posts"}],"about":[{"href":"https:\/\/linitiative.ca\/International\/wp-json\/wp\/v2\/types\/post"}],"author":[{"embeddable":true,"href":"https:\/\/linitiative.ca\/International\/wp-json\/wp\/v2\/users\/1740"}],"replies":[{"embeddable":true,"href":"https:\/\/linitiative.ca\/International\/wp-json\/wp\/v2\/comments?post=24738"}],"version-history":[{"count":0,"href":"https:\/\/linitiative.ca\/International\/wp-json\/wp\/v2\/posts\/24738\/revisions"}],"wp:attachment":[{"href":"https:\/\/linitiative.ca\/International\/wp-json\/wp\/v2\/media?parent=24738"}],"wp:term":[{"taxonomy":"category","embeddable":true,"href":"https:\/\/linitiative.ca\/International\/wp-json\/wp\/v2\/categories?post=24738"},{"taxonomy":"post_tag","embeddable":true,"href":"https:\/\/linitiative.ca\/International\/wp-json\/wp\/v2\/tags?post=24738"}],"curies":[{"name":"wp","href":"https:\/\/api.w.org\/{rel}","templated":true}]}}