{"id":24741,"date":"2019-03-29T12:34:00","date_gmt":"2019-03-29T16:34:00","guid":{"rendered":"https:\/\/linitiative.ca\/International\/sidi-bel-abbes-une-trentenaire-accouche-dans-une-ambulance\/"},"modified":"2019-03-29T12:34:00","modified_gmt":"2019-03-29T16:34:00","slug":"sidi-bel-abbes-une-trentenaire-accouche-dans-une-ambulance","status":"publish","type":"post","link":"https:\/\/linitiative.ca\/International\/sidi-bel-abbes-une-trentenaire-accouche-dans-une-ambulance\/","title":{"rendered":"SIDI BEL ABBES : Une trentenaire accouche dans une ambulance"},"content":{"rendered":"<p><br id=\"sep_para_1\" class=\"sep_para access\"\/><\/p>\n<div id=\"para_1\" class=\"para_30026919 resize\">\n<div class=\"texte access firstletter\">\u00a0Dans la nuit de mercredi \u00e0 jeudi, une femme de 27 ans originaire de Boukhanefis ,10 km au sud ouest de Sidi Bel Abb\u00e8s et dont l&rsquo;identit\u00e9 n&rsquo;a pas \u00e9t\u00e9 r\u00e9v\u00e9l\u00e9e, a \u00e9t\u00e9 \u00e9vacu\u00e9e en urgence\u00a0 par les \u00e9l\u00e9ments de la protection civile vers l&rsquo;E.P.H de maternit\u00e9 \u00e0 l&rsquo;issue d&rsquo;atroces douleurs ventrales pr\u00e9natales, a-t-on appris d&rsquo;un communiqu\u00e9 de la direction de la protection civile.Mais comme le destin en a d\u00e9cid\u00e9 autrement, la femme qui ne cessait de g\u00e9mir tout au long du trajet et de se plaindre au m\u00e9decin de l&rsquo;\u00e9quipe qui l&rsquo;accompagnait, s\u2019est brusquement tue. Elle vient de donner naissance,\u00e0 quelques encablures seulement de la capitale de wilaya ,\u00e0 un joli poupon de sexe f\u00e9minin, apr\u00e8s, bien sur l&rsquo;assistance apport\u00e9e par le m\u00e9decin de la protection civile ,poursuit le communiqu\u00e9. Les agents de la protection civile, rassur\u00e9s, ont donc poursuivi le chemin jusqu&rsquo;\u00e0 l&rsquo;\u00e9tablissement hospitalier sp\u00e9cialis\u00e9 o\u00f9 la malade a \u00e9t\u00e9 admise.\u00a0\u00a0\u00a0\u00a0\u00a0\u00a0\u00a0\u00a0\u00a0\u00a0\u00a0\u00a0\u00a0\u00a0\u00a0\u00a0\u00a0<\/div>\n<\/div>\n<p>Auteur: M.Noui<br \/>\n<a href=\"https:\/\/www.reflexiondz.net\/SIDI-BEL-ABBES-Une-trentenaire-accouche-dans-une-ambulance_a55144.html\">Cliquez ici pour lire l&rsquo;article depuis sa source.<\/a><\/p>\n","protected":false},"excerpt":{"rendered":"<p>\u00a0Dans la nuit de mercredi \u00e0 jeudi, une femme de 27 ans originaire de Boukhanefis ,10 km au sud ouest de Sidi Bel Abb\u00e8s et dont l&rsquo;identit\u00e9 n&rsquo;a pas \u00e9t\u00e9 r\u00e9v\u00e9l\u00e9e, a \u00e9t\u00e9 \u00e9vacu\u00e9e en urgence\u00a0 par les \u00e9l\u00e9ments de la protection civile vers l&rsquo;E.P.H de maternit\u00e9 \u00e0 l&rsquo;issue d&rsquo;atroces douleurs ventrales pr\u00e9natales, a-t-on appris [&hellip;]<\/p>\n","protected":false},"author":1740,"featured_media":0,"comment_status":"closed","ping_status":"closed","sticky":false,"template":"","format":"standard","meta":{"fifu_image_url":"","fifu_image_alt":"","footnotes":""},"categories":[53,76],"tags":[],"class_list":["post-24741","post","type-post","status-publish","format-standard","hentry","category-algerie","category-regions"],"_links":{"self":[{"href":"https:\/\/linitiative.ca\/International\/wp-json\/wp\/v2\/posts\/24741","targetHints":{"allow":["GET"]}}],"collection":[{"href":"https:\/\/linitiative.ca\/International\/wp-json\/wp\/v2\/posts"}],"about":[{"href":"https:\/\/linitiative.ca\/International\/wp-json\/wp\/v2\/types\/post"}],"author":[{"embeddable":true,"href":"https:\/\/linitiative.ca\/International\/wp-json\/wp\/v2\/users\/1740"}],"replies":[{"embeddable":true,"href":"https:\/\/linitiative.ca\/International\/wp-json\/wp\/v2\/comments?post=24741"}],"version-history":[{"count":0,"href":"https:\/\/linitiative.ca\/International\/wp-json\/wp\/v2\/posts\/24741\/revisions"}],"wp:attachment":[{"href":"https:\/\/linitiative.ca\/International\/wp-json\/wp\/v2\/media?parent=24741"}],"wp:term":[{"taxonomy":"category","embeddable":true,"href":"https:\/\/linitiative.ca\/International\/wp-json\/wp\/v2\/categories?post=24741"},{"taxonomy":"post_tag","embeddable":true,"href":"https:\/\/linitiative.ca\/International\/wp-json\/wp\/v2\/tags?post=24741"}],"curies":[{"name":"wp","href":"https:\/\/api.w.org\/{rel}","templated":true}]}}