{"id":24765,"date":"2019-03-29T15:20:00","date_gmt":"2019-03-29T19:20:00","guid":{"rendered":"https:\/\/linitiative.ca\/International\/bahri-rezig-le-kef-pole-culturel-et-patrimonial-une-proposition-de-vision-integree\/"},"modified":"2019-03-29T15:20:00","modified_gmt":"2019-03-29T19:20:00","slug":"bahri-rezig-le-kef-pole-culturel-et-patrimonial-une-proposition-de-vision-integree","status":"publish","type":"post","link":"https:\/\/linitiative.ca\/International\/bahri-rezig-le-kef-pole-culturel-et-patrimonial-une-proposition-de-vision-integree\/","title":{"rendered":"Bahri Rezig &#8211; Le Kef,  p\u00f4le culturel et patrimonial : Une proposition de vision Int\u00e9gr\u00e9e"},"content":{"rendered":"<p><img loading=\"lazy\" decoding=\"async\" src=\"\/uploads\/FCK_files\/Bahri-Rzig.jpg\" width=\"200\" vspace=\"5\" hspace=\"5\" height=\"240\" align=\"left\" alt=\"\"\/>Le ministre du Tourisme et de l\u2019Artisanat M. <a href=\"https:\/\/www.leaders.com.tn\/article\/25861-qui-est-rene-trabelsi-le-nouveau-ministre-du-tourisme\" target=\"_blank\" rel=\"noopener noreferrer\">Ren\u00e9 Trabelsi<\/a> vient de proclamer le Kef comme \u2018\u2019P\u00f4le culturel et Patrimonial\u2019\u2019. Le Kef l\u2019est d\u00e9j\u00e0 plus ou moins gr\u00e2ce \u00e0 la dynamique cr\u00e9\u00e9e depuis quelques ann\u00e9es, presque sans moyens, par la soci\u00e9t\u00e9 civile. Dynamique fond\u00e9e sur des actions de qualit\u00e9 mais somme toute \u00e9parses et sans vision int\u00e9gratrice ni cadre strat\u00e9gique dont seuls les pouvoirs publics (locaux ?) sont les premiers redevables et b\u00e9n\u00e9ficiaires.<\/p>\n<p>Une telle d\u00e9cision, pour \u00eatre viable, ne doit pas concerner seulement le Minist\u00e8re du Tourisme et de l\u2019Artisanat (MTA). L\u2019apport attendu des pouvoirs publics n\u2019est pas seulement mat\u00e9riel, il est surtout visionnaire et strat\u00e9gique donnant lieu \u00e0 une politique de d\u00e9veloppement r\u00e9gional coh\u00e9rente et porteuse.<\/p>\n<p>Ma r\u00e9action positive \u00e0 la d\u00e9claration du MTA, exprime ma conviction que nos r\u00e9gions ne sont pas loin d\u2019un essor r\u00e9el si le gouvernement comprend que l\u2019absence d\u2019un levier de d\u00e9veloppement r\u00e9gional est la vraie barri\u00e8re qui laisse les initiatives nombreuses et louables \u00e0 l\u2019\u00e9tat de poussi\u00e8res d\u2019efforts et donc st\u00e9riles.<\/p>\n<p>Ci-dessous, une proposition pour enrichir le d\u00e9bat. Son objectif est de donner de la consistance technologique et \u00e9conomique \u00e0 cette d\u00e9cision. Elle peut se r\u00e9aliser par \u00e9tape mais pas au hasard des visites minist\u00e9rielles. Pour \u00e9viter qu\u2019elle ne devienne un ni\u00e8me mensonge d\u2019\u00e9tat d\u00e9di\u00e9 \u00e0 la r\u00e9gion.<\/p>\n<h2>3 Axes de d\u00e9veloppement pour la r\u00e9gion du Kef :<\/h2>\n<h3>\u2022 Axe I : Une agriculture productive et amie de la sant\u00e9<\/h3>\n<p>Aujourd\u2019hui, le d\u00e9veloppement du Territoire du Nord-Ouest est fond\u00e9 sur l\u2019agriculture. Il a int\u00e9r\u00eat \u00e0 le rester mais ni exclusivement ni dans l\u2019\u00e9tat ou il est : archa\u00efque, et peu diversifi\u00e9. La Valeur ajout\u00e9e doit piloter la croissance de ce secteur vital. Un centre de biotechnologie doit \u00eatre install\u00e9 dans la r\u00e9gion pour promouvoir la R&#038;DI en mati\u00e8re de technologie, d\u2019adaptation climatique, de performance manag\u00e9rialeet d\u2019activit\u00e9s agroindustrielles. Le Territoire se doit d\u2019atteindre l\u2019autosuffisance alimentaire d\u2019abord de sa population (r\u00e9sidente et passag\u00e8re) puis de contribuer \u00e0 celle du pays.<\/p>\n<h3>\u2022 Axe II : une industrie High Tech du contenu<\/h3>\n<p>Plus pr\u00e9cis\u00e9ment pour le Kef, un deuxi\u00e8me axe d\u2019importance peut changer le visage de la r\u00e9gion. Un p\u00f4le de l\u2019industrie du contenu viable gr\u00e2ce \u00e0 la sp\u00e9cificit\u00e9 de p\u00f4le culturel et patrimonial de la r\u00e9gion.<br \/>Une cit\u00e9 renfermant des plateformes techniques, des studios sp\u00e9cialis\u00e9s, des th\u00e9\u00e2tres et des salles de projection polyvalentes mais aussi des \u00e9coles de m\u00e9tiers du spectacle et des unit\u00e9s de production\u00a0 de jeux et de produits ludiques et culturels divers (documentaires,patrimoines artistique, historiques, produits vid\u00e9o-p\u00e9dagogiques, de sensibilisation\u2026) de standard international faisant du Kef, une destination des professionnels de l\u2019image et du son mais surtout un centre de production d\u00e9di\u00e9e \u00e0 la diffusion mondiale. Cette cit\u00e9 sera en r\u00e9seau avec les instituts universitaires d\u00e9j\u00e0 sur place et \u00e0 qui l\u2019activit\u00e9 offrirait des d\u00e9bouch\u00e9es d\u2019utilit\u00e9 plus large : Institut sup\u00e9rieur du Th\u00e9\u00e2tre, Institut sup\u00e9rieur d\u2019informatique, ISET, Institut des langues appliqu\u00e9es qui peuvent actualiser leurs programmes en cons\u00e9quence par rapport aux besoins et aux projets. Un Centre de R&#038;DI dans les technologies Son, Image et R\u00e9alit\u00e9 augment\u00e9e peut assurer la profondeur strat\u00e9gique de ce projet afin de contenir la concurrence, fixer les comp\u00e9tences et pr\u00e9parer l\u2019avenir.<\/p>\n<h3>\u2022 Axe III : Tourisme alternatif<\/h3>\n<p>Un troisi\u00e8me axe-locomotive en interaction avec les deux premiers est le tourisme alternatif (culturel, culinaire, \u00e9questre, de sant\u00e9, de randonn\u00e9e\u2026).Ce genre de tourisme tranche avec le tourisme baln\u00e9aire et exige une formation \u00e0 tous les \u00e9tages : unit\u00e9s h\u00f4teli\u00e8res, Traditions culinaires, logistique, \u00e9v\u00e8nementiel, circuits et guides,accueil-chez-l\u2019habitant, Marketing,\u2026Une \u00e9cole sp\u00e9cialis\u00e9e devrait former une nouvelle g\u00e9n\u00e9ration de m\u00e9tiers et de professionnels capable de r\u00e9inventer le tourisme (alternatif) tunisien\u00a0 \u00e0 multiples facettes et quasiment personnalis\u00e9 et sur mesure. Un Tourisme, jusqu\u2019aujourd\u2019hui gav\u00e9 de discours et de s\u00e9minaires acad\u00e9miques.<\/p>\n<p>La compl\u00e9mentarit\u00e9 et la coh\u00e9rence entre les 3 axes est \u00e0 m\u00eame de cr\u00e9er une puissante dynamique \u00e9conomique qui profitera \u00e0 tout le territoire. A cette vision int\u00e9gr\u00e9e correspondrait une approche de Marketing territorial (ou r\u00e9gional) qui mettrait sur le march\u00e9 d\u2019invesitissement un \u00e9cosyst\u00e8me \u00e9conomique et technologique valoris\u00e9 par une force de frappe lisible, coh\u00e9rente et int\u00e9gr\u00e9e. Une \u2018Agence de Promotion du Kef\u2019 pourrait \u00eatre un nouvel outil de drainage des investissements et surtout des touristes alternatifs. Une coop\u00e9ration bilat\u00e9rale avec des agences homologues existantes est surement une nouvelle approche de cod\u00e9veloppement local entre r\u00e9gions du monde. Cette agence pourrait remplacer avec succ\u00e8s des Offices de d\u00e9veloppement r\u00e9gionaux sans port\u00e9es ni efficacit\u00e9s sur le d\u00e9veloppement r\u00e9gional.<\/p>\n<p class=\"c2\"><strong>Bahri Rezig<\/strong><br \/><em>Professeur-ENIT<\/em><\/p>\n<p>Auteur:<br \/>\n<a href=\"https:\/\/www.leaders.com.tn\/article\/26792-bahri-rezig-le-kef-pole-culturel-et-patrimonial-une-proposition-de-vision-integree\">Cliquez ici pour lire l&rsquo;article depuis sa source.<\/a><\/p>\n","protected":false},"excerpt":{"rendered":"<p>Le ministre du Tourisme et de l\u2019Artisanat M. Ren\u00e9 Trabelsi vient de proclamer le Kef comme \u2018\u2019P\u00f4le culturel et Patrimonial\u2019\u2019. Le Kef l\u2019est d\u00e9j\u00e0 plus ou moins gr\u00e2ce \u00e0 la dynamique cr\u00e9\u00e9e depuis quelques ann\u00e9es, presque sans moyens, par la soci\u00e9t\u00e9 civile. Dynamique fond\u00e9e sur des actions de qualit\u00e9 mais somme toute \u00e9parses et sans [&hellip;]<\/p>\n","protected":false},"author":1772,"featured_media":24766,"comment_status":"closed","ping_status":"closed","sticky":false,"template":"","format":"standard","meta":{"fifu_image_url":"","fifu_image_alt":"","footnotes":""},"categories":[73,55],"tags":[],"class_list":["post-24765","post","type-post","status-publish","format-standard","has-post-thumbnail","hentry","category-actualite","category-tunisie"],"_links":{"self":[{"href":"https:\/\/linitiative.ca\/International\/wp-json\/wp\/v2\/posts\/24765","targetHints":{"allow":["GET"]}}],"collection":[{"href":"https:\/\/linitiative.ca\/International\/wp-json\/wp\/v2\/posts"}],"about":[{"href":"https:\/\/linitiative.ca\/International\/wp-json\/wp\/v2\/types\/post"}],"author":[{"embeddable":true,"href":"https:\/\/linitiative.ca\/International\/wp-json\/wp\/v2\/users\/1772"}],"replies":[{"embeddable":true,"href":"https:\/\/linitiative.ca\/International\/wp-json\/wp\/v2\/comments?post=24765"}],"version-history":[{"count":0,"href":"https:\/\/linitiative.ca\/International\/wp-json\/wp\/v2\/posts\/24765\/revisions"}],"wp:featuredmedia":[{"embeddable":true,"href":"https:\/\/linitiative.ca\/International\/wp-json\/"}],"wp:attachment":[{"href":"https:\/\/linitiative.ca\/International\/wp-json\/wp\/v2\/media?parent=24765"}],"wp:term":[{"taxonomy":"category","embeddable":true,"href":"https:\/\/linitiative.ca\/International\/wp-json\/wp\/v2\/categories?post=24765"},{"taxonomy":"post_tag","embeddable":true,"href":"https:\/\/linitiative.ca\/International\/wp-json\/wp\/v2\/tags?post=24765"}],"curies":[{"name":"wp","href":"https:\/\/api.w.org\/{rel}","templated":true}]}}