{"id":24799,"date":"2019-03-29T14:35:04","date_gmt":"2019-03-29T18:35:04","guid":{"rendered":"https:\/\/linitiative.ca\/International\/elimination-des-etalons-de-la-can-2019-tirer-lecon-des-erreurs-du-passe\/"},"modified":"2019-03-29T14:35:04","modified_gmt":"2019-03-29T18:35:04","slug":"elimination-des-etalons-de-la-can-2019-tirer-lecon-des-erreurs-du-passe","status":"publish","type":"post","link":"https:\/\/linitiative.ca\/International\/elimination-des-etalons-de-la-can-2019-tirer-lecon-des-erreurs-du-passe\/","title":{"rendered":"ELIMINATION DES ETALONS DE LA CAN 2019 : Tirer le\u00e7on des erreurs du pass\u00e9"},"content":{"rendered":"<p><img decoding=\"async\" class=\"post_layout_5_img\" src=\"http:\/\/lepays.bf\/wp-content\/uploads\/2019\/03\/ETALONS.jpg\" alt=\"ELIMINATION DES ETALONS DE LA CAN 2019 : Tirer le\u00e7on des erreurs du pass\u00e9\"\/><\/p>\n<p class=\"c4\"><em>Grande a \u00e9t\u00e9 la d\u00e9ception des Burkinab\u00e8\u00a0 \u00e0 l\u2019issue du match qui a oppos\u00e9, le 22 mars dernier, les Etalons aux Mourabitounes de la Mauritanie, et qui a d\u00e9finitivement scell\u00e9 notre sort. Finalement, le Burkina Faso ne sera pas au rendez-vous de la Coupe d\u2019Afrique des nations (CAN) qui se jouera, cette ann\u00e9e, en Egypte, pays des Pharaons. Tr\u00e8s peu d\u00e9j\u00e0 croyaient en nos chances de qualification, tant les Etalons, au cours de leurs pr\u00e9c\u00e9dentes prestations, ont travaill\u00e9 \u00e0 se compliquer la t\u00e2che. Si fait que leur sort ne d\u00e9pendait plus seulement de leurs propres efforts sur le terrain, mais aussi de l\u2019\u00e9chec de l\u2019Angola. Voyez-vous\u00a0? C\u2019\u00e9tait tr\u00e8s d\u00e9licat. Je pense personnellement que ce sont des choses \u00e0 \u00e9viter \u00e0 l\u2019avenir. Je pense que c\u2019est lors des premiers matchs des \u00e9liminatoires qu\u2019il faut donner le meilleur de soi-m\u00eame pour se mettre \u00e0 l\u2019abri de toute surprise d\u00e9sagr\u00e9able. Je ne suis pas footballeur, mais en tant que supporter, c\u2019est le conseil que je donne aux Etalons qui, \u00e0 mon avis, \u00e9taient m\u00e9connaissables d\u00e8s le d\u00e9but des matchs \u00e9liminatoires. Je ne vais personnellement pas entrer dans la pol\u00e9mique en disant comme certains, que l\u2019entra\u00eeneur a fait un mauvais classement. Non, tel n\u2019est pas mon propos parce que je ne suis pas technicien. Mais je fais le constat que le football est ainsi fait que chaque fois qu\u2019il y a d\u00e9faite, il faut qu\u2019on l\u2019attribue \u00e0 quelqu\u2019un. Je le dis parce que ceux qui sont actuellement vent debout contre Paulo Duarte, n\u2019auraient pas eu la m\u00eame posture si les Etalons avaient r\u00e9ussi \u00e0 se qualifier. Voyez-vous\u00a0? Sachons raison garder.<\/em><\/p>\n<p><strong>Je demande \u00e0 tous les fans des Etalons de d\u00e9passer leurs \u00e9motions<\/strong><\/p>\n<p class=\"c4\"><em>La victoire, tout comme la d\u00e9faite, fait partie des r\u00e8gles du jeu en football. Les Etalons ont \u00e9t\u00e9 \u00e9limin\u00e9s, on doit l\u2019accepter\u00a0; que cela plaise ou pas. Pour moi, le plus important, c\u2019est de savoir rebondir. C\u2019est pourquoi j\u2019invite tous les acteurs \u00e0 accepter de se remettre en cause afin qu\u2019ensemble, l\u2019on puisse tirer le\u00e7on des erreurs du pass\u00e9 pour que les m\u00eames causes ne produisent plus les m\u00eames effets. Je pense que si les uns et les autres acceptent cela, les Etalons pourront, les ann\u00e9es \u00e0 venir, nous surprendre agr\u00e9ablement. Je me rappelle qu\u2019apr\u00e8s avoir manqu\u00e9 le rendez-vous de 2010, le Onze national avait pris sa revanche en allant jusqu\u2019\u00e0 la phase des finales en 2013. Et cela avait fait oublier les m\u00e9saventures pass\u00e9es. C\u2019est en cela que je suis personnellement d\u2019accord avec ce penseur-l\u00e0 qui affirme que \u00ab\u00a0 l\u2019\u00e9chec est un succ\u00e8s pour celui-l\u00e0 qui accepte de se remettre en cause\u00a0\u00bb. En tout cas, personnellement, je pr\u00e9f\u00e8re voir les Etalons \u00e9limin\u00e9s que de les voir malmen\u00e9s lors des matchs de poule en Egypte. Car, pour moi, apr\u00e8s avoir \u00e9t\u00e9 vice-champions d\u2019Afrique, l\u2019essentiel n\u2019est plus seulement de participer.<\/em> <em>Je ne veux plus de la figuration. Il faut gagner ou rien. C\u2019est mon point de vue, mais les uns et les autres peuvent ne pas le partager. En tout cas, je demande \u00e0 tous les fans des Etalons de d\u00e9passer leurs \u00e9motions pour regarder plut\u00f4t vers l\u2019avenir. Car, comme on le dit, demain se pr\u00e9pare aujourd\u2019hui.<\/em><\/p>\n<p><strong>\u00ab\u00a0Le Fou\u00bb<\/strong><\/p>\n<p>Auteur: Le Pays<br \/>\n<a href=\"http:\/\/lepays.bf\/elimination-des-etalons-de-la-can-2019-tirer-lecon-des-erreurs-du-passe\/\">Cliquez ici pour lire l&rsquo;article depuis sa source.<\/a><\/p>\n","protected":false},"excerpt":{"rendered":"<p>Grande a \u00e9t\u00e9 la d\u00e9ception des Burkinab\u00e8\u00a0 \u00e0 l\u2019issue du match qui a oppos\u00e9, le 22 mars dernier, les Etalons aux Mourabitounes de la Mauritanie, et qui a d\u00e9finitivement scell\u00e9 notre sort. Finalement, le Burkina Faso ne sera pas au rendez-vous de la Coupe d\u2019Afrique des nations (CAN) qui se jouera, cette ann\u00e9e, en Egypte, [&hellip;]<\/p>\n","protected":false},"author":1813,"featured_media":24800,"comment_status":"closed","ping_status":"closed","sticky":false,"template":"","format":"standard","meta":{"fifu_image_url":"","fifu_image_alt":"","footnotes":""},"categories":[73,81],"tags":[],"class_list":["post-24799","post","type-post","status-publish","format-standard","has-post-thumbnail","hentry","category-actualite","category-burkina-faso"],"_links":{"self":[{"href":"https:\/\/linitiative.ca\/International\/wp-json\/wp\/v2\/posts\/24799","targetHints":{"allow":["GET"]}}],"collection":[{"href":"https:\/\/linitiative.ca\/International\/wp-json\/wp\/v2\/posts"}],"about":[{"href":"https:\/\/linitiative.ca\/International\/wp-json\/wp\/v2\/types\/post"}],"author":[{"embeddable":true,"href":"https:\/\/linitiative.ca\/International\/wp-json\/wp\/v2\/users\/1813"}],"replies":[{"embeddable":true,"href":"https:\/\/linitiative.ca\/International\/wp-json\/wp\/v2\/comments?post=24799"}],"version-history":[{"count":0,"href":"https:\/\/linitiative.ca\/International\/wp-json\/wp\/v2\/posts\/24799\/revisions"}],"wp:featuredmedia":[{"embeddable":true,"href":"https:\/\/linitiative.ca\/International\/wp-json\/"}],"wp:attachment":[{"href":"https:\/\/linitiative.ca\/International\/wp-json\/wp\/v2\/media?parent=24799"}],"wp:term":[{"taxonomy":"category","embeddable":true,"href":"https:\/\/linitiative.ca\/International\/wp-json\/wp\/v2\/categories?post=24799"},{"taxonomy":"post_tag","embeddable":true,"href":"https:\/\/linitiative.ca\/International\/wp-json\/wp\/v2\/tags?post=24799"}],"curies":[{"name":"wp","href":"https:\/\/api.w.org\/{rel}","templated":true}]}}