{"id":24819,"date":"2019-03-29T15:18:45","date_gmt":"2019-03-29T19:18:45","guid":{"rendered":"https:\/\/linitiative.ca\/International\/le-directeur-provincial-de-lagriculture-du-soum-enleve-par-des-djihadistes\/"},"modified":"2019-03-29T15:18:45","modified_gmt":"2019-03-29T19:18:45","slug":"le-directeur-provincial-de-lagriculture-du-soum-enleve-par-des-djihadistes","status":"publish","type":"post","link":"https:\/\/linitiative.ca\/International\/le-directeur-provincial-de-lagriculture-du-soum-enleve-par-des-djihadistes\/","title":{"rendered":"Le directeur provincial de l\u2019agriculture du Soum enlev\u00e9 par des djihadistes"},"content":{"rendered":"<div class=\"td-a-rec td-a-rec-id-content_top td_uid_30_5c9e91c83f908_rand td_block_template_1\"><img loading=\"lazy\" decoding=\"async\" class=\"aligncenter size-full wp-image-4463\" src=\"https:\/\/www.sidwaya.info\/wp-content\/uploads\/2019\/02\/FESPACO-TOUR-2019-Bannie%CC%80re-728x90-1.jpg\" alt=\"\" width=\"728\" height=\"90\"\/><\/div>\n<p>Le directeur provincial de l\u2019agriculture du Soum\u00a0 et son chauffeur ont \u00e9t\u00e9 enlev\u00e9s vendredi matin sur l\u2019axe Djibo Bourzanga sur la RN 22. Au total \u00a05 v\u00e9hicules et ses occupants \u00a0ont \u00e9t\u00e9 retir\u00e9s \u00a0sur cet axe en 3 mois par ces individus non identifi\u00e9s.<\/p>\n<p>BS<\/p>\n<div class=\"td-a-rec td-a-rec-id-content_bottom td_uid_31_5c9e91c83fc53_rand td_block_template_1\"><img loading=\"lazy\" decoding=\"async\" class=\"alignright size-full wp-image-1724\" src=\"https:\/\/www.sidwaya.info\/wp-content\/uploads\/2018\/12\/sidwaya-pub.jpg\" alt=\"\" width=\"720\" height=\"90\"\/><\/div>\n<p>Auteur: BS. Sidwaya<br \/>\n<a href=\"https:\/\/www.sidwaya.info\/blog\/2019\/03\/29\/le-directeur-provincial-de-lagriculture-du-soum-enleve-par-des-djihadistes\/\">Cliquez ici pour lire l&rsquo;article depuis sa source.<\/a><\/p>\n","protected":false},"excerpt":{"rendered":"<p>Le directeur provincial de l\u2019agriculture du Soum\u00a0 et son chauffeur ont \u00e9t\u00e9 enlev\u00e9s vendredi matin sur l\u2019axe Djibo Bourzanga sur la RN 22. Au total \u00a05 v\u00e9hicules et ses occupants \u00a0ont \u00e9t\u00e9 retir\u00e9s \u00a0sur cet axe en 3 mois par ces individus non identifi\u00e9s. BS Auteur: BS. Sidwaya Cliquez ici pour lire l&rsquo;article depuis sa [&hellip;]<\/p>\n","protected":false},"author":1816,"featured_media":24820,"comment_status":"closed","ping_status":"closed","sticky":false,"template":"","format":"standard","meta":{"fifu_image_url":"","fifu_image_alt":"","footnotes":""},"categories":[73,81],"tags":[],"class_list":["post-24819","post","type-post","status-publish","format-standard","has-post-thumbnail","hentry","category-actualite","category-burkina-faso"],"_links":{"self":[{"href":"https:\/\/linitiative.ca\/International\/wp-json\/wp\/v2\/posts\/24819","targetHints":{"allow":["GET"]}}],"collection":[{"href":"https:\/\/linitiative.ca\/International\/wp-json\/wp\/v2\/posts"}],"about":[{"href":"https:\/\/linitiative.ca\/International\/wp-json\/wp\/v2\/types\/post"}],"author":[{"embeddable":true,"href":"https:\/\/linitiative.ca\/International\/wp-json\/wp\/v2\/users\/1816"}],"replies":[{"embeddable":true,"href":"https:\/\/linitiative.ca\/International\/wp-json\/wp\/v2\/comments?post=24819"}],"version-history":[{"count":0,"href":"https:\/\/linitiative.ca\/International\/wp-json\/wp\/v2\/posts\/24819\/revisions"}],"wp:featuredmedia":[{"embeddable":true,"href":"https:\/\/linitiative.ca\/International\/wp-json\/"}],"wp:attachment":[{"href":"https:\/\/linitiative.ca\/International\/wp-json\/wp\/v2\/media?parent=24819"}],"wp:term":[{"taxonomy":"category","embeddable":true,"href":"https:\/\/linitiative.ca\/International\/wp-json\/wp\/v2\/categories?post=24819"},{"taxonomy":"post_tag","embeddable":true,"href":"https:\/\/linitiative.ca\/International\/wp-json\/wp\/v2\/tags?post=24819"}],"curies":[{"name":"wp","href":"https:\/\/api.w.org\/{rel}","templated":true}]}}