{"id":24826,"date":"2019-03-29T15:18:03","date_gmt":"2019-03-29T19:18:03","guid":{"rendered":"https:\/\/linitiative.ca\/International\/lancement-officiel-de-la-banque-agricole-du-burkina-faso\/"},"modified":"2019-03-29T15:18:03","modified_gmt":"2019-03-29T19:18:03","slug":"lancement-officiel-de-la-banque-agricole-du-burkina-faso","status":"publish","type":"post","link":"https:\/\/linitiative.ca\/International\/lancement-officiel-de-la-banque-agricole-du-burkina-faso\/","title":{"rendered":"Lancement officiel de la Banque agricole du Burkina Faso"},"content":{"rendered":"<div readability=\"32\">\n<p>Publi\u00e9 le 29.03.2019 \u00e0 20h18 par APA News<\/p>\n<\/div>\n<div readability=\"83\">\n<p>Le chef de l\u2019Etat burkinab\u00e8, Roch Marc Christian Kabor\u00e9 a lanc\u00e9 officiellement, vendredi, les activit\u00e9s de la Banque agricole du Faso (BADF), a constat\u00e9 APA \u00e0 Ouagadougou.Pour le pr\u00e9sident Kabor\u00e9, la BADF doit \u00eatre un instrument important pour permettre aux paysans et aux \u00e9leveurs de pouvoir acc\u00e9der aux financements pour, non seulement s\u2019\u00e9quiper, mais \u00e9galement d\u00e9velopper leurs activit\u00e9s.<\/p>\n<p>\u00abJ\u2019esp\u00e8re que cette banque en se d\u00e9veloppant dans l\u2019ensemble des provinces va cr\u00e9er la confiance qui permettra au monde rural de savoir que c\u2019est leur instrument\u00bb, a-t-il souhait\u00e9.<\/p>\n<p>Dot\u00e9e d\u2019un capital de 14 milliards 277 millions 570 mille francs CFA, la BADF est d\u00e9di\u00e9e prioritairement au financement du secteur rural tout en restant ouverte aussi aux autres secteurs de l\u2019\u00e9conomie nationale.<\/p>\n<p>Le capital de la banque est d\u00e9tenu par l\u2019Etat burkinab\u00e8 et ses d\u00e9membrements, des organisations professionnelles du monde rural, des entreprises priv\u00e9es du Burkina et de particuliers burkinab\u00e8.<\/p>\n<p>La Banque agricole du Faso (BADF) a pour objectif majeur de rendre les services financiers accessibles au plus grand nombre de Burkinab\u00e8 en milieu rural comme en ville partout au Burkina Faso.<\/p>\n<p>Selon le pr\u00e9sident de son Conseil d\u2019administration, Mamadou S\u00e9r\u00e9m\u00e9, la BADF a pour vocation premi\u00e8re d\u2019\u00eatre la banque de financement de l\u2019agriculture au Burkina mais, elle se positionne aussi pour assurer sa rentabilit\u00e9 et sa p\u00e9rennit\u00e9 comme une banque universelle moderne au service de tous les Burkinab\u00e8 des campagnes et des villes.<\/p>\n<p><ins data-revive-zoneid=\"9\" data-revive-id=\"10111e19d28d19d031742ee3b0b33eb0\"\/> <\/p>\n<p>La BADF dispose d\u2019une agence si\u00e8ge d\u00e9j\u00e0 fonctionnelle \u00e0 Ouagadougou depuis le 25 f\u00e9vrier 2019.<\/p>\n<p>A en croire son PCA, il est pr\u00e9vu l\u2019ouverture de deux autres agences respectivement \u00e0 Bobo-Dioulasso en mai prochain et \u00e0 D\u00e9dougou en septembre de l\u2019ann\u00e9e en cours.<\/p>\n<p>A peine n\u00e9e, la BADF a b\u00e9n\u00e9fici\u00e9 de la part de la Banque africaine de d\u00e9veloppement (BAD) d\u2019un financement de plus de 6,3 milliards de F CFA.<\/p>\n<p>Au Burkina Faso, 15% des producteurs agricoles b\u00e9n\u00e9ficient de cr\u00e9dits bancaires.<\/p>\n<\/div>\n<p>Auteur: APA News<br \/>\n<a href=\"https:\/\/www.journalducameroun.com\/fr\/lancement-officiel-de-la-banque-agricole-du-burkina-faso\/\">Cliquez ici pour lire l&rsquo;article depuis sa source.<\/a><\/p>\n","protected":false},"excerpt":{"rendered":"<p>Publi\u00e9 le 29.03.2019 \u00e0 20h18 par APA News Le chef de l\u2019Etat burkinab\u00e8, Roch Marc Christian Kabor\u00e9 a lanc\u00e9 officiellement, vendredi, les activit\u00e9s de la Banque agricole du Faso (BADF), a constat\u00e9 APA \u00e0 Ouagadougou.Pour le pr\u00e9sident Kabor\u00e9, la BADF doit \u00eatre un instrument important pour permettre aux paysans et aux \u00e9leveurs de pouvoir acc\u00e9der [&hellip;]<\/p>\n","protected":false},"author":1965,"featured_media":0,"comment_status":"closed","ping_status":"closed","sticky":false,"template":"","format":"standard","meta":{"fifu_image_url":"","fifu_image_alt":"","footnotes":""},"categories":[73,82],"tags":[],"class_list":["post-24826","post","type-post","status-publish","format-standard","hentry","category-actualite","category-cameroun"],"_links":{"self":[{"href":"https:\/\/linitiative.ca\/International\/wp-json\/wp\/v2\/posts\/24826","targetHints":{"allow":["GET"]}}],"collection":[{"href":"https:\/\/linitiative.ca\/International\/wp-json\/wp\/v2\/posts"}],"about":[{"href":"https:\/\/linitiative.ca\/International\/wp-json\/wp\/v2\/types\/post"}],"author":[{"embeddable":true,"href":"https:\/\/linitiative.ca\/International\/wp-json\/wp\/v2\/users\/1965"}],"replies":[{"embeddable":true,"href":"https:\/\/linitiative.ca\/International\/wp-json\/wp\/v2\/comments?post=24826"}],"version-history":[{"count":0,"href":"https:\/\/linitiative.ca\/International\/wp-json\/wp\/v2\/posts\/24826\/revisions"}],"wp:attachment":[{"href":"https:\/\/linitiative.ca\/International\/wp-json\/wp\/v2\/media?parent=24826"}],"wp:term":[{"taxonomy":"category","embeddable":true,"href":"https:\/\/linitiative.ca\/International\/wp-json\/wp\/v2\/categories?post=24826"},{"taxonomy":"post_tag","embeddable":true,"href":"https:\/\/linitiative.ca\/International\/wp-json\/wp\/v2\/tags?post=24826"}],"curies":[{"name":"wp","href":"https:\/\/api.w.org\/{rel}","templated":true}]}}