{"id":24827,"date":"2019-03-29T15:18:05","date_gmt":"2019-03-29T19:18:05","guid":{"rendered":"https:\/\/linitiative.ca\/International\/cote-divoire-17-cas-de-dengue-confirmes-dans-le-district-dabidjan\/"},"modified":"2019-03-29T15:18:05","modified_gmt":"2019-03-29T19:18:05","slug":"cote-divoire-17-cas-de-dengue-confirmes-dans-le-district-dabidjan","status":"publish","type":"post","link":"https:\/\/linitiative.ca\/International\/cote-divoire-17-cas-de-dengue-confirmes-dans-le-district-dabidjan\/","title":{"rendered":"C\u00f4te d\u2019Ivoire: \u00ab17 cas de dengue confirm\u00e9s\u00bb dans le District d\u2019Abidjan"},"content":{"rendered":"<div readability=\"32\">\n<p>Publi\u00e9 le 29.03.2019 \u00e0 20h18 par APA News<\/p>\n<\/div>\n<div readability=\"99\">\n<p>Dix et sept \u00ab (17) cas de dengue ont \u00e9t\u00e9 confirm\u00e9s \u00bb dans le District d\u2019Abidjan, notamment \u00e0 Cocody, Bingerville, Yopougon et Port-Bou\u00ebt \u00bb, a indiqu\u00e9 vendredi \u00e0 APA le directeur l\u2019Institut national d\u2019hygi\u00e8ne publique (INHP), professeur Joseph B\u00e9ni\u00e9.Joint par t\u00e9l\u00e9phone, M. B\u00e9ni\u00e9 a affirm\u00e9 qu\u2019 \u00ab il y a eu 17 cas de \u00a0dengue qui ont \u00e9t\u00e9 r\u00e9v\u00e9l\u00e9s et confirm\u00e9s dans le District sanitaire de \u00a0Cocody et Bingerville \u00bb, \u00e0 l\u2019Est d\u2019Abidjan, pr\u00e9cisant qu\u2019il y a \u00ab un cas \u00a0\u00e0 Yopougon (Ouest) et un cas dans le District (sanitaire) de Port-Bou\u00ebt (Sud)\u00bb. \u00a0<\/p>\n<p>Ces \u00a0cas \u00ab s\u2019\u00e9talent depuis le d\u00e9but de l\u2019ann\u00e9e et c\u2019est progressif \u00bb, a \u00a0fait savoir le directeur de l\u2019INHP, qui explique que la dengue est une \u00a0maladie virale transmise par la piq\u00fbre d\u2019un moustique assez particulier, \u00a0diff\u00e9rent de celui du paludisme, d\u00e9nomm\u00e9 \u00abmoustique tigre et de \u00a0couleur blanc noir \u00bb.\u00a0<\/p>\n<p>\u00ab C\u2019est un moustique qui \u00a0a une biologie particuli\u00e8re dans la journ\u00e9e, il pique surtout dans la \u00a0journ\u00e9e et g\u00e9n\u00e9ralement entre 16h et 19h maximum \u00bb, a-t-il soulign\u00e9. \u00a0Elle provoque, par ailleurs, un syndrome de type grippal avec des \u00a0douleurs musculaires et des naus\u00e9es. \u00a0<\/p>\n<p>La lutte \u00a0contre cette maladie, dira-t-il, repose essentiellement sur les mesures \u00a0d\u2019hygi\u00e8ne parce que ce moustique vient pondre ses \u0153ufs dans l\u2019eau de \u00a0petite quantit\u00e9, pas dans la lagune, et surtout dans les pots de fleurs, \u00a0dans les creux des arbres et au niveau des bananiers, des plantes \u00a0imbib\u00e9es d\u2019eau.<\/p>\n<p><ins data-revive-zoneid=\"9\" data-revive-id=\"10111e19d28d19d031742ee3b0b33eb0\"\/> <\/p>\n<p>Il faut assainir son cadre de \u00a0vie, a insist\u00e9 professeur B\u00e9ni\u00e9, exhortant les populations \u00e0 \u00ab vider \u00a0syst\u00e9matiquement tout recipient qui peut contenir de l\u2019eau \u00bb, mieux y \u00a0mettre des couverts, nettoyer autour des maisons, \u00e9liminer les g\u00eetes \u00a0larvaires et dormir sous moustiquaire impr\u00e9gn\u00e9e.\u00a0<\/p>\n<p>En \u00a0outre, toute personne atteinte de fi\u00e8vre devrait se rendre tr\u00e8s t\u00f4t \u00e0 \u00a0l\u2019h\u00f4pital. Car cette maladie virale infectieuse, poursuit-il, se \u00a0manifeste par une forte fi\u00e8vre, des courbatures, des c\u00e9phal\u00e9es. Pour \u00a0professeur B\u00e9nie les populations devraient \u00ab s\u2019approprier la lutte \u00bb. \u00a0 \u00a0 \u00a0\u00a0<\/p>\n<p>La r\u00e9duction de la charge des moustiques dans \u00a0les maisons, par la propri\u00e9t\u00e9 s\u2019av\u00e8re une soupape de s\u00e9curit\u00e9, insiste \u00a0le directeur de l\u2019Institut national de l\u2019hygi\u00e8ne publique, qui mentionne \u00a0qu\u2019il existe un vaccin mais qui est tr\u00e8s cher et \u00abon n\u2019en dispose pas \u00a0pour le moment\u00bb \u00e0 l\u2019institut. \u00a0<\/p>\n<\/div>\n<p>Auteur: APA News<br \/>\n<a href=\"https:\/\/www.journalducameroun.com\/fr\/cote-divoire-17-cas-de-dengue-confirmes-dans-le-district-dabidjan\/\">Cliquez ici pour lire l&rsquo;article depuis sa source.<\/a><\/p>\n","protected":false},"excerpt":{"rendered":"<p>Publi\u00e9 le 29.03.2019 \u00e0 20h18 par APA News Dix et sept \u00ab (17) cas de dengue ont \u00e9t\u00e9 confirm\u00e9s \u00bb dans le District d\u2019Abidjan, notamment \u00e0 Cocody, Bingerville, Yopougon et Port-Bou\u00ebt \u00bb, a indiqu\u00e9 vendredi \u00e0 APA le directeur l\u2019Institut national d\u2019hygi\u00e8ne publique (INHP), professeur Joseph B\u00e9ni\u00e9.Joint par t\u00e9l\u00e9phone, M. B\u00e9ni\u00e9 a affirm\u00e9 qu\u2019 \u00ab [&hellip;]<\/p>\n","protected":false},"author":1965,"featured_media":0,"comment_status":"closed","ping_status":"closed","sticky":false,"template":"","format":"standard","meta":{"fifu_image_url":"","fifu_image_alt":"","footnotes":""},"categories":[73,82],"tags":[],"class_list":["post-24827","post","type-post","status-publish","format-standard","hentry","category-actualite","category-cameroun"],"_links":{"self":[{"href":"https:\/\/linitiative.ca\/International\/wp-json\/wp\/v2\/posts\/24827","targetHints":{"allow":["GET"]}}],"collection":[{"href":"https:\/\/linitiative.ca\/International\/wp-json\/wp\/v2\/posts"}],"about":[{"href":"https:\/\/linitiative.ca\/International\/wp-json\/wp\/v2\/types\/post"}],"author":[{"embeddable":true,"href":"https:\/\/linitiative.ca\/International\/wp-json\/wp\/v2\/users\/1965"}],"replies":[{"embeddable":true,"href":"https:\/\/linitiative.ca\/International\/wp-json\/wp\/v2\/comments?post=24827"}],"version-history":[{"count":0,"href":"https:\/\/linitiative.ca\/International\/wp-json\/wp\/v2\/posts\/24827\/revisions"}],"wp:attachment":[{"href":"https:\/\/linitiative.ca\/International\/wp-json\/wp\/v2\/media?parent=24827"}],"wp:term":[{"taxonomy":"category","embeddable":true,"href":"https:\/\/linitiative.ca\/International\/wp-json\/wp\/v2\/categories?post=24827"},{"taxonomy":"post_tag","embeddable":true,"href":"https:\/\/linitiative.ca\/International\/wp-json\/wp\/v2\/tags?post=24827"}],"curies":[{"name":"wp","href":"https:\/\/api.w.org\/{rel}","templated":true}]}}