{"id":25046,"date":"2019-03-31T09:26:33","date_gmt":"2019-03-31T13:26:33","guid":{"rendered":"https:\/\/linitiative.ca\/International\/ouargla-plus-de-280-tonnes-de-courgettes-exportees-cette-saison\/"},"modified":"2019-03-31T09:26:33","modified_gmt":"2019-03-31T13:26:33","slug":"ouargla-plus-de-280-tonnes-de-courgettes-exportees-cette-saison","status":"publish","type":"post","link":"https:\/\/linitiative.ca\/International\/ouargla-plus-de-280-tonnes-de-courgettes-exportees-cette-saison\/","title":{"rendered":"Ouargla: plus de 280 tonnes de courgettes export\u00e9es cette saison"},"content":{"rendered":"<div>\n<div class=\"K2FeedImage\"><img decoding=\"async\" src=\"http:\/\/www.aps.dz\/media\/k2\/items\/cache\/8f3d372df6b625ba2ef79db8a0499514_S.jpg\" alt=\"Ouargla: plus de 280 tonnes de courgettes export\u00e9es cette saison\"><\/div>\n<div class=\"K2FeedIntroText\">\n<p>OUARGLA &#8211; Plus de 280 tonnes de courgettes vertes ont \u00e9t\u00e9 export\u00e9es vers l\u2019Espagne depuis le d\u00e9but de l\u2019actuelle saison agricole (2018\/2019) par le complexe agro-industriel \u00ab\u00a0Ghemra\u00a0\u00bb de Touggourt (160 km Nord d\u2019Ouargla), a-t-on appris dimanche de la direction du complexe.<\/p>\n<\/div>\n<div class=\"K2FeedFullText\">\n<p>Cette quantit\u00e9 repr\u00e9sente une partie de la r\u00e9colte jusque l\u00e0 r\u00e9alis\u00e9e, soit 400 tonnes, l\u2019autre de 150 tonnes allant au march\u00e9 int\u00e9rieur, a indiqu\u00e9 le directeur du complexe, Abdelhak Kafi, qui fait \u00e9tat d\u2019une \u00ab\u00a0nette hausse\u00a0\u00bb de la production par rapport \u00e0 la saison derni\u00e8re o\u00f9 quelque 40 tonnes seulement de courgettes vertes avaient \u00e9t\u00e9 r\u00e9colt\u00e9es.<\/p>\n<p>Cette hausse de production est expliqu\u00e9e par une maitrise des techniques culturales par les ing\u00e9nieurs et techniciens du complexe qui ont b\u00e9n\u00e9fici\u00e9 d\u2019une formation sp\u00e9cialis\u00e9e d\u2019un mois en Espagne, en plus de l\u2019accompagnement technique de cadres espagnols pour am\u00e9liorer la qualit\u00e9 de la r\u00e9colte du complexe, destin\u00e9e aux march\u00e9es europ\u00e9ens.<\/p>\n<p>Aussi, cette performance a \u00e9t\u00e9 r\u00e9alis\u00e9e gr\u00e2ce la disponibilit\u00e9 de la main d\u2019\u0153uvre locale (plus de 180 travailleurs saisonniers) et d\u2019une source g\u00e9othermique naturelle (eau souterraine chaude), a fait avoir M. Kafi.<\/p>\n<p>L\u2019op\u00e9ration d\u2019exportation de la r\u00e9colte vers l\u2019Espagne via le Port d\u2019Oran est assur\u00e9e par la soci\u00e9t\u00e9 espagnole \u00ab\u00a0Agrofresh\u00a0\u00bb sp\u00e9cialis\u00e9e dans la commercialisation de produits agricoles.<\/p>\n<hr>\n<p><em><strong>Lire aussi:\u00a0<\/strong><\/em><a href=\"http:\/\/www.aps.dz\/economie\/87414-agriculture-certification-de-180-000-ha-de-semences-potageres-et-22-000-ha-de-plants-de-pommes-de-terre\">Certification de 180.000 ha de semences potag\u00e8res et 22.000 ha de plants de pommes de terre<\/a><\/p>\n<hr>\n<p>La direction du complexe de \u00ab\u00a0Ghemra\u00a0\u00bb ambitionne d\u2019accroitre la production pour atteindre les 800 tonnes d\u2019ici la fin de saison et dont la r\u00e9colte se poursuit jusqu\u2019\u00e0 la fin avril, en plus de l\u2019introduction \u00e0 l\u2019avenir de la culture d\u2019autres primeurs, dont la tomate et le poivron vert, afin d\u2019att\u00e9nuer le d\u00e9ficit en la mati\u00e8re accus\u00e9 sur les march\u00e9s locaux.<\/p>\n<p>Ce projet est l\u2019un des plus \u00ab\u00a0r\u00e9ussis\u00a0\u00bb en r\u00e9gions sahariennes dans le domaine de la production de primeurs par l\u2019exploitation de la g\u00e9othermie des eaux de forages albiens dans la vall\u00e9e d\u2019Oued-Righ et de serres dot\u00e9es d\u2019\u00e9quipements moderne de cultures hors-sols.<\/p>\n<p>Le complexe agricole de Ghemra, d\u2019une superficie de 250 hectares, a \u00e9t\u00e9 concr\u00e9tis\u00e9 dans le cadre d\u2019un partenariat avec un op\u00e9rateur espagnol \u00ab\u00a0Alcantra-Syst\u00e8me\u00a0\u00bb d\u2019une dur\u00e9e de trois ans s\u2019\u00e9talant jusqu\u2019\u00e0 juin de l\u2019ann\u00e9e courante, selon la m\u00eame source.<\/p>\n<\/div>\n<\/div>\n<p>Auteur:<br \/>\n<a href=\"http:\/\/www.aps.dz\/regions\/87512-ouargla-plus-de-280-tonnes-de-courgettes-exportees-cette-saison\">Cliquez ici pour lire l&rsquo;article depuis sa source.<\/a><\/p>\n","protected":false},"excerpt":{"rendered":"<p>OUARGLA &#8211; Plus de 280 tonnes de courgettes vertes ont \u00e9t\u00e9 export\u00e9es vers l\u2019Espagne depuis le d\u00e9but de l\u2019actuelle saison agricole (2018\/2019) par le complexe agro-industriel \u00ab\u00a0Ghemra\u00a0\u00bb de Touggourt (160 km Nord d\u2019Ouargla), a-t-on appris dimanche de la direction du complexe. Cette quantit\u00e9 repr\u00e9sente une partie de la r\u00e9colte jusque l\u00e0 r\u00e9alis\u00e9e, soit 400 tonnes, [&hellip;]<\/p>\n","protected":false},"author":1790,"featured_media":25047,"comment_status":"closed","ping_status":"closed","sticky":false,"template":"","format":"standard","meta":{"fifu_image_url":"","fifu_image_alt":"","footnotes":""},"categories":[53,76],"tags":[],"class_list":["post-25046","post","type-post","status-publish","format-standard","has-post-thumbnail","hentry","category-algerie","category-regions"],"_links":{"self":[{"href":"https:\/\/linitiative.ca\/International\/wp-json\/wp\/v2\/posts\/25046","targetHints":{"allow":["GET"]}}],"collection":[{"href":"https:\/\/linitiative.ca\/International\/wp-json\/wp\/v2\/posts"}],"about":[{"href":"https:\/\/linitiative.ca\/International\/wp-json\/wp\/v2\/types\/post"}],"author":[{"embeddable":true,"href":"https:\/\/linitiative.ca\/International\/wp-json\/wp\/v2\/users\/1790"}],"replies":[{"embeddable":true,"href":"https:\/\/linitiative.ca\/International\/wp-json\/wp\/v2\/comments?post=25046"}],"version-history":[{"count":0,"href":"https:\/\/linitiative.ca\/International\/wp-json\/wp\/v2\/posts\/25046\/revisions"}],"wp:featuredmedia":[{"embeddable":true,"href":"https:\/\/linitiative.ca\/International\/wp-json\/"}],"wp:attachment":[{"href":"https:\/\/linitiative.ca\/International\/wp-json\/wp\/v2\/media?parent=25046"}],"wp:term":[{"taxonomy":"category","embeddable":true,"href":"https:\/\/linitiative.ca\/International\/wp-json\/wp\/v2\/categories?post=25046"},{"taxonomy":"post_tag","embeddable":true,"href":"https:\/\/linitiative.ca\/International\/wp-json\/wp\/v2\/tags?post=25046"}],"curies":[{"name":"wp","href":"https:\/\/api.w.org\/{rel}","templated":true}]}}