{"id":25465,"date":"2019-04-02T08:52:57","date_gmt":"2019-04-02T12:52:57","guid":{"rendered":"https:\/\/linitiative.ca\/International\/87579-ligue-1-de-football-la-lfp-devoile-le-calendrier-du-mois-d-avril\/"},"modified":"2019-04-02T08:52:57","modified_gmt":"2019-04-02T12:52:57","slug":"87579-ligue-1-de-football-la-lfp-devoile-le-calendrier-du-mois-d-avril","status":"publish","type":"post","link":"https:\/\/linitiative.ca\/International\/87579-ligue-1-de-football-la-lfp-devoile-le-calendrier-du-mois-d-avril\/","title":{"rendered":"Foot\/ ligue 1: la LFP d\u00e9voile le calendrier du mois d&rsquo;avril"},"content":{"rendered":"<div>\n<div class=\"K2FeedImage\"><img decoding=\"async\" src=\"http:\/\/www.aps.dz\/media\/k2\/items\/cache\/841578ad0b679613b798fca97b3224aa_S.jpg\" alt=\"Foot\/ ligue 1: la LFP d\u00e9voile le calendrier du mois d'avril\"><\/div>\n<div class=\"K2FeedIntroText\">\n<p><strong>ALGER &#8211; La 26e journ\u00e9e du championnat de Ligue 1 se jouera dans son int\u00e9gralit\u00e9 le samedi 20 avril \u00e0 partir de 16h00, a annonc\u00e9 lundi la Ligue de football professionnel (LFP) sur son site officiel.<\/strong><\/p>\n<\/div>\n<div class=\"K2FeedFullText\">\n<p>Par ailleurs, l&rsquo;instance dirigeante de la comp\u00e9tition a \u00e9galement d\u00e9voil\u00e9 le calendrier des matches en retard du championnat des Ligues 1 et 2, les cinq derni\u00e8res journ\u00e9es de Ligue 2, ainsi que les dates des deux manches des demi-finales de la Coupe d&rsquo;Alg\u00e9rie.<\/p>\n<p>La LFP pr\u00e9cise que \u00ab\u00a0seules les dates des matches en retard du CS Constantine manquent au programme. Elles seront arr\u00eat\u00e9es apr\u00e8s le match retour des quarts de finale de la Ligue des champions d\u2019Afrique (face \u00e0 l&rsquo;ES Tunis, ndlr). Ces matches sont : CSC &#8211; MCA (23e journ\u00e9e), JSS &#8211; CSC (18e journ\u00e9e) et CRB &#8211; CSC (24e journ\u00e9e)\u00a0\u00bb.<\/p>\n<p>Le nouveau calendrier a \u00e9t\u00e9 \u00e9tabli en \u00ab\u00a0tenant compte \u00e9galement des \u00e9ch\u00e9ances de l\u2019\u00e9quipe nationale des moins de 23 ans (U-23), laquelle doit effectuer deux stages durant ce mois d\u2019avril en pr\u00e9vision de son match officiel contre le Ghana\u00a0\u00bb, comptant pour le 2e et dernier tour des qualifications de la CAN-2019 de la cat\u00e9gorie.<\/p>\n<p>Concernant le championnat de Ligue 2 , les cinq derni\u00e8res journ\u00e9es se joueront entre le 4 avril et le 4 mai.<\/p>\n<p>\u00a0<\/p>\n<p><strong>Voici par ailleurs le calendrier :<\/strong><\/p>\n<p>\u00a0<\/p>\n<p><strong>Ligue 1\/Matches en retard:<\/strong><\/p>\n<p>6 avril: NAHD &#8211; MOB (21e journ\u00e9e)\u00a0 16h00<\/p>\n<p>9 avril: DRBT &#8211; CRB (19e journ\u00e9e)\u00a0 18h00<\/p>\n<p>9 avril: MCA\u00a0 &#8211; MCO\u00a0 (22e journ\u00e9e)\u00a0 17h45<\/p>\n<p>10 avril: USMBA &#8211; NAHD (22e journ\u00e9e) 16h00<\/p>\n<p>\u00a0<\/p>\n<p><strong>Stage de l\u2019\u00e9quipe nationale des U- 23 du 11 au 14 avril<\/strong><\/p>\n<p>\u00a0<\/p>\n<p><strong>Ligue 1:<\/strong><\/p>\n<p>15 avril : NAHD &#8211; ASAM (23e journ\u00e9e) 16h00<\/p>\n<p>20 avril : 26e journ\u00e9e (tous les matches commencent \u00e0 16h00)<\/p>\n<p>27 avril : PAC &#8211; NAHD (24e journ\u00e9e) 17h00<\/p>\n<p>2 mai : USMBA &#8211; JSS (24e journ\u00e9e) 16h00<\/p>\n<p>\u00a0<\/p>\n<p><strong>Stage de l\u2019\u00e9quipe nationale des U23 du 26 au 30 avril<\/strong><\/p>\n<p>\u00a0<\/p>\n<p><strong>Coupe d&rsquo;Alg\u00e9rie :<\/strong><\/p>\n<p>16 avril : demi-finale aller<\/p>\n<p>23 avril : demi-finale retour<\/p>\n<p>\u00a0<\/p>\n<p><strong>Ligue 2 :<\/strong><\/p>\n<p>4 avril : 26e journ\u00e9e \u00e0 16h00<\/p>\n<p>10 avril : 27e journ\u00e9e \u00e0 16h00<\/p>\n<p>20 avril : 28e journ\u00e9e \u00e0 16h00<\/p>\n<p>27 avril : 29e journ\u00e9e \u00e0 16h00<\/p>\n<p>4 mai : 30e journ\u00e9e \u00e0 16h00.<\/p>\n<\/div>\n<p><img loading=\"lazy\" decoding=\"async\" src=\"http:\/\/feeds.feedburner.com\/~r\/aps-sport\/~4\/qyBLJd7RNWI\" height=\"1\" width=\"1\" alt=\"\"><\/div>\n<p>Auteur:<br \/>\n<a href=\"http:\/\/www.aps.dz\/sport\/87579-ligue-1-de-football-la-lfp-devoile-le-calendrier-du-mois-d-avril?utm_source=feedburner&#038;utm_medium=feed&#038;utm_campaign=Feed%3A+aps-sport+%28APS+-+SPORT%29\">Cliquez ici pour lire l&rsquo;article depuis sa source.<\/a><\/p>\n","protected":false},"excerpt":{"rendered":"<p>ALGER &#8211; La 26e journ\u00e9e du championnat de Ligue 1 se jouera dans son int\u00e9gralit\u00e9 le samedi 20 avril \u00e0 partir de 16h00, a annonc\u00e9 lundi la Ligue de football professionnel (LFP) sur son site officiel. Par ailleurs, l&rsquo;instance dirigeante de la comp\u00e9tition a \u00e9galement d\u00e9voil\u00e9 le calendrier des matches en retard du championnat des [&hellip;]<\/p>\n","protected":false},"author":1790,"featured_media":25466,"comment_status":"closed","ping_status":"closed","sticky":false,"template":"","format":"standard","meta":{"fifu_image_url":"","fifu_image_alt":"","footnotes":""},"categories":[53,75],"tags":[],"class_list":["post-25465","post","type-post","status-publish","format-standard","has-post-thumbnail","hentry","category-algerie","category-sport"],"_links":{"self":[{"href":"https:\/\/linitiative.ca\/International\/wp-json\/wp\/v2\/posts\/25465","targetHints":{"allow":["GET"]}}],"collection":[{"href":"https:\/\/linitiative.ca\/International\/wp-json\/wp\/v2\/posts"}],"about":[{"href":"https:\/\/linitiative.ca\/International\/wp-json\/wp\/v2\/types\/post"}],"author":[{"embeddable":true,"href":"https:\/\/linitiative.ca\/International\/wp-json\/wp\/v2\/users\/1790"}],"replies":[{"embeddable":true,"href":"https:\/\/linitiative.ca\/International\/wp-json\/wp\/v2\/comments?post=25465"}],"version-history":[{"count":0,"href":"https:\/\/linitiative.ca\/International\/wp-json\/wp\/v2\/posts\/25465\/revisions"}],"wp:featuredmedia":[{"embeddable":true,"href":"https:\/\/linitiative.ca\/International\/wp-json\/"}],"wp:attachment":[{"href":"https:\/\/linitiative.ca\/International\/wp-json\/wp\/v2\/media?parent=25465"}],"wp:term":[{"taxonomy":"category","embeddable":true,"href":"https:\/\/linitiative.ca\/International\/wp-json\/wp\/v2\/categories?post=25465"},{"taxonomy":"post_tag","embeddable":true,"href":"https:\/\/linitiative.ca\/International\/wp-json\/wp\/v2\/tags?post=25465"}],"curies":[{"name":"wp","href":"https:\/\/api.w.org\/{rel}","templated":true}]}}