{"id":25500,"date":"2019-04-02T13:54:26","date_gmt":"2019-04-02T17:54:26","guid":{"rendered":"https:\/\/linitiative.ca\/International\/communique-du-ministere-de-la-defense-nationale\/"},"modified":"2019-04-02T13:54:26","modified_gmt":"2019-04-02T17:54:26","slug":"communique-du-ministere-de-la-defense-nationale","status":"publish","type":"post","link":"https:\/\/linitiative.ca\/International\/communique-du-ministere-de-la-defense-nationale\/","title":{"rendered":"Communiqu\u00e9 du Minist\u00e8re de la D\u00e9fense Nationale"},"content":{"rendered":"<h4 class=\"title-14\"\/>\n<div class=\"featured_image\"><img width=\"400\" height=\"266\" data-cfsrc=\"https:\/\/www.elwatan.com\/wp-content\/uploads\/2019\/04\/7413A430-985C-4CA2-BDD9-28385D238EC6.jpeg\" class=\"attachment-post-thumbnail size-post-thumbnail wp-post-image c1\" alt=\"\" srcset=\"https:\/\/www.elwatan.com\/wp-content\/uploads\/2019\/04\/7413A430-985C-4CA2-BDD9-28385D238EC6.jpeg 400w, https:\/\/www.elwatan.com\/wp-content\/uploads\/2019\/04\/7413A430-985C-4CA2-BDD9-28385D238EC6-300x200.jpeg 300w\" sizes=\"(max-width: 400px) 100vw, 400px\"\/><noscript><\/p>\n<p><img loading=\"lazy\" decoding=\"async\" width=\"400\" height=\"266\" src=\"https:\/\/www.elwatan.com\/wp-content\/uploads\/2019\/04\/7413A430-985C-4CA2-BDD9-28385D238EC6.jpeg\" class=\"attachment-post-thumbnail size-post-thumbnail wp-post-image\" alt=\"\" srcset=\"https:\/\/www.elwatan.com\/wp-content\/uploads\/2019\/04\/7413A430-985C-4CA2-BDD9-28385D238EC6.jpeg 400w, https:\/\/www.elwatan.com\/wp-content\/uploads\/2019\/04\/7413A430-985C-4CA2-BDD9-28385D238EC6-300x200.jpeg 300w\" sizes=\"auto, (max-width: 400px) 100vw, 400px\"\/><\/p>\n<p><\/noscript><\/div>\n<p>Nous reproduisons int\u00e9gralement le communiqu\u00e9 du minist\u00e8re de La D\u00e9fense nationale, ci dessous:<\/p>\n<p><span class=\"c5\">Monsieur le G\u00e9n\u00e9ral de Corps d\u2019Arm\u00e9e Ahmed Ga\u00efd Salah, Vice-Ministre de la D\u00e9fense Nationale, Chef d\u2019Etat-Major de l\u2019Arm\u00e9e Nationale Populaire a pr\u00e9sid\u00e9, l\u2019apr\u00e8s-midi d\u2019aujourd\u2019hui, 02 avril 2019, une r\u00e9union au si\u00e8ge de l\u2019Etat-Major de l\u2019Arm\u00e9e Nationale Populaire, avec les Commandants de Forces, les Commandants des R\u00e9gions Militaires, le Secr\u00e9taire G\u00e9n\u00e9ral du Minist\u00e8re de la D\u00e9fense Nationale et les Chefs des deux D\u00e9partements de l\u2019Etat-Major de l\u2019Arm\u00e9e Nationale Populaire.<\/span><\/p>\n<p><span class=\"c5\">Cette r\u00e9union s\u2019inscrit dans le cadre du suivi des d\u00e9veloppements relatives \u00e0 la proposition formul\u00e9e par l\u2019Arm\u00e9e Nationale Populaire visant la mise en application des articles 7, 8 et 102 de la Constitution.<\/span><\/p>\n<p><span class=\"c5\">Monsieur le G\u00e9n\u00e9ral de Corps d\u2019Arm\u00e9e a soulign\u00e9 avoir suivi, de pr\u00e8s, les manifestations pacifiques, lors desquelles le peuple alg\u00e9rien est sorti exprimer des revendications l\u00e9gitimes, comme il a salu\u00e9 le comportement civilis\u00e9 et le haut niveau de conscience et de maturit\u00e9 dont a fait preuve le peuple alg\u00e9rien tout au long de ces manifestations, exprimant sa parfaite adh\u00e9sion aux revendications et ambitions l\u00e9gitimes, partant de sa conviction puis\u00e9e de son attachement \u00e0 la l\u00e9gitimit\u00e9 constitutionnelle et du fait que le peuple est la seule et unique source du pouvoir.<\/span><\/p>\n<p><span class=\"c5\">Monsieur le G\u00e9n\u00e9ral de Corps d\u2019Arm\u00e9e a rappel\u00e9 les efforts de l\u2019Arm\u00e9e Nationale Populaire pour trouver une solution \u00e0 la crise depuis le d\u00e9but des manifestations, o\u00f9 il a insist\u00e9, en date du 18 mars dernier, au niveau du Secteur Op\u00e9rationnel Sud Tindouf en 3\u00e8me R\u00e9gion Militaire, sur l\u2019imp\u00e9ratif de r\u00e9soudre cette crise dans les plus brefs d\u00e9lais et que les solutions \u00e0 cette probl\u00e9matique existent, pourvu qu\u2019elles s\u2019inscrivent dans le cadre constitutionnel. Cependant, et devant l\u2019absence de toute r\u00e9action \u00e0 cette d\u00e9marche et au regard de la sensibilit\u00e9 de la situation dont il est profond\u00e9ment conscient, il a \u00e9voqu\u00e9 la question, encore une fois, lors de son intervention du 26 mars au niveau du Secteur Op\u00e9ration Sud-Est de Djanet en 4\u00e8me R\u00e9gion Militaire, et a affirm\u00e9 qu\u2019il \u00e9tait n\u00e9cessaire de trouver une solution pour sortir de la crise dans l\u2019imm\u00e9diat et a propos\u00e9 la mise en application de l\u2019article 102 de la Constitution, comme solution s\u2019inscrivant exclusivement dans le cadre constitutionnel, consid\u00e9r\u00e9 comme l\u2019unique garantie pour maintenir une situation politique stable.<\/span><\/p>\n<p><span class=\"c5\">La derni\u00e8re intervention en date, \u00e9tait lors de la r\u00e9union tenue au niveau du si\u00e8ge de l\u2019Etat-Major de l\u2019Arm\u00e9e Nationale Populaire, en date du 30 mars, au cours de laquelle il a r\u00e9it\u00e9r\u00e9 la n\u00e9cessit\u00e9 de mettre en application les articles 7, 8 et 102 de la Constitution et qu\u2019aucune autre solution en dehors du cadre constitutionnel ne peut \u00eatre envisag\u00e9e. En r\u00e9ponse \u00e0 cette d\u00e9marche, ajoute Monsieur le G\u00e9n\u00e9ral de Corps d\u2019Arm\u00e9e, le peuple alg\u00e9rien a approuv\u00e9 cette proposition et a salu\u00e9 les efforts de l\u2019Arm\u00e9e Nationale Populaire pour trouver une solution constitutionnelle pour cette crise dans les plus brefs d\u00e9lais :<\/span><span class=\"c5\"><br \/><\/span><span class=\"c5\"><br \/><\/span> <span class=\"c5\">\u00a0\u00a0\u00ab Le peuple alg\u00e9rien a approuv\u00e9 cette d\u00e9marche et l\u2019a accueillie favorablement, voyant en elle un signe de bon augure et un espoir pour sortir de la crise. Cette initiative a \u00e9t\u00e9 pr\u00e9sent\u00e9e par l\u2019Arm\u00e9e Nationale Populaire, partant de son sentiment de responsabilit\u00e9 historique envers le peuple et la patrie. Malheureusement, cette d\u00e9marche a \u00e9t\u00e9 accueillie par l\u2019ent\u00eatement, la tergiversation et la sournoiserie de certains individus qui \u0153uvrent \u00e0 faire perdurer la crise et la rendre plus complexe, avec comme seul souci la pr\u00e9servation de leurs int\u00e9r\u00eats personnels \u00e9troits, en se souciant que peu des int\u00e9r\u00eats du peuple et de l\u2019avenir du pays.<\/span><\/p>\n<p><span class=\"c5\">Les efforts consentis par l\u2019Arm\u00e9e Nationale Populaire depuis le d\u00e9but de la crise et son alignement total sur les revendications populaires, confirment que son unique ambition est de veiller \u00e0 pr\u00e9server la conception constitutionnelle de l\u2019Etat, garantir la s\u00e9curit\u00e9 et la stabilit\u00e9 du pays et prot\u00e9ger le peuple d\u2019une poign\u00e9e de personne qui s\u2019est indument accapar\u00e9e des richesses du peuple alg\u00e9rien. A l\u2019heure qu\u2019il est, elle s\u2019affaire \u00e0 contourner ses revendications l\u00e9gitimes en fomentant des plans douteux, tendant \u00e0 d\u00e9stabiliser le pays et l\u2019entrainer dans le pi\u00e8ge du vide constitutionnel\u00bb.<\/span><\/p>\n<p><span class=\"c5\">Quant aux vastes op\u00e9rations de pillage et de dilapidation qu\u2019a connues notre pays, ciblant ses potentiels et ressources \u00e9conomiques et financi\u00e8res, Monsieur le G\u00e9n\u00e9ral de Corps d\u2019Arm\u00e9e s\u2019est interrog\u00e9 sur les moyens qui ont permis \u00e0 cette poign\u00e9e de personnes d\u2019amasser des richesses immenses par des voies ill\u00e9gales et dans un court laps de temps, en toute impunit\u00e9, profitant de leur accointance avec certains centres de d\u00e9cision douteux, et qui tentent ces derniers jours de faire fuir ces capitaux vol\u00e9s et s\u2019enfuir vers l\u2019\u00e9tranger. Il y a lieu d\u2019indiquer dans ce contexte que les d\u00e9cisions de poursuites judiciaires contre ces derniers \u00e9manent de la justice par le biais du procureur g\u00e9n\u00e9ral, m\u00fb par son adh\u00e9sion aux revendications populaires insistantes. Ainsi des d\u00e9cisions pr\u00e9ventives ont \u00e9t\u00e9 prises \u00e0 l\u2019encontre de certains individus, leur interdisant le d\u00e9placement jusqu\u2019\u00e0 l\u2019accomplissement des proc\u00e9dures d\u2019enqu\u00eate, alors que les structures de comp\u00e9tence relevant du Minist\u00e8re du Transport ont mis en \u0153uvre des mesures d\u2019interdiction de d\u00e9collage et d\u2019atterrissage des avions priv\u00e9s appartenant \u00e0 des hommes d\u2019affaire au niveau des a\u00e9roports du pays, conform\u00e9ment aux dispositions l\u00e9gales en vigueur.<\/span><span class=\"c5\"><br \/><\/span><span class=\"c5\"><br \/><\/span><span class=\"c5\">Concernant le communiqu\u00e9 attribu\u00e9 au Pr\u00e9sident de la R\u00e9publique, publi\u00e9 hier, Monsieur le G\u00e9n\u00e9ral de Corps d\u2019Arm\u00e9e a soulign\u00e9 :<\/span><span class=\"c5\"><br \/><\/span><span class=\"c5\">\u00ab Alors que le peuple alg\u00e9rien attendait avec impatience la satisfaction de ses revendications l\u00e9gitimes, parut en date du 1er avril un communiqu\u00e9 attribu\u00e9 au Pr\u00e9sident de la R\u00e9publique, alors qu\u2019en r\u00e9alit\u00e9 il \u00e9manait d\u2019entit\u00e9s non constitutionnelles et non habilit\u00e9es, ayant trait \u00e0 la prise de d\u00e9cisions importantes concernant la phase de transition. Dans ce contexte particulier, nous confirmons que toute d\u00e9cision prise en dehors du cadre constitutionnel est consid\u00e9r\u00e9e comme nulle et non avenue \u00bb.<\/span><span class=\"c5\"><br \/><\/span><span class=\"c5\"><br \/><\/span> <span class=\"c5\">Monsieur le G\u00e9n\u00e9ral de Corps d\u2019Arm\u00e9e a \u00e9voqu\u00e9 des r\u00e9unions suspectes tenues clandestinement pour comploter contre les revendications du peuple et adopter des pseudo-solutions en dehors du cadre de la Constitution afin d\u2019entraver les d\u00e9marches de l\u2019Arm\u00e9e Nationale Populaire et ses propositions de sotie \u00e0 la crise et, partant, exacerber la situation et la rendre plus compliqu\u00e9e. Tout ceci est entrepris en coordination avec les entit\u00e9s non-constitutionnelles. Toutefois certaines de ces parties se sont manifest\u00e9es, tentant vainement de nier leur pr\u00e9sence dans ces r\u00e9unions et induire l\u2019opinion publique dans l\u2019erreur, malgr\u00e9 l\u2019existence de preuves irr\u00e9futables attestant ces r\u00e9alit\u00e9s malveillantes.<\/span><\/p>\n<p><span class=\"c5\">Quant aux efforts fructueux et soutenus, que l\u2019Arm\u00e9e Nationale Populaire ne cesse de fournir, afin d\u2019\u00e9riger une Arm\u00e9e forte, moderne et professionnelle, Monsieur le G\u00e9n\u00e9ral de Corps d\u2019Arm\u00e9e a affirm\u00e9 :<\/span><span class=\"c5\"><br \/><\/span><span class=\"c5\">\u00ab Certains semblent avoir oubli\u00e9 que l\u2019Arm\u00e9e Nationale Populaire a pay\u00e9 de lourds tributs et sacrifi\u00e9 des contingents de martyrs du devoir dans sa lutte contre le terrorisme abject une d\u00e9cennie durant, lors de laquelle elle a r\u00e9ussi gr\u00e2ce \u00e0 Allah le Tout-Puissant et \u00e0 l\u2019aide de ce peuple vaillant, d\u2019\u00e9radiquer ce fl\u00e9au et de pr\u00e9munir notre pays de ses nuisances. Elle continue de consentir tous ses efforts au service de sa patrie afin qu\u2019elle demeure fi\u00e8re et jouissant de la paix, en se d\u00e9ployant dans tous les recoins du territoire national et aux abords de nos \u00e9tendues fronti\u00e8res, vigilante de jour comme de nuit, afin de contrecarrer tous les fl\u00e9aux de terrorisme, trafic d\u2019armes et de drogues, ainsi que la criminalit\u00e9 organis\u00e9e sous toutes ses formes.<\/span><\/p>\n<p><span class=\"c5\">Tout ceci a \u00e9t\u00e9 possible gr\u00e2ce \u00e0 la strat\u00e9gie judicieuse et pertinente adopt\u00e9e par le Haut Commandement de l\u2019Arm\u00e9e Nationale Populaire, constamment adapt\u00e9e en fonction de l\u2019\u00e9volution de la situation. Cette strat\u00e9gie a port\u00e9 ses fruits \u00e0 travers l\u2019instauration des facteurs de s\u00e9curit\u00e9 et de stabilit\u00e9 \u00e0 travers tout le territoire national.<\/span><\/p>\n<p><span class=\"c5\">Ces r\u00e9alisations ne sont pas le fruit du hasard, mais ont \u00e9t\u00e9 r\u00e9alis\u00e9es gr\u00e2ce aux efforts des hommes et leurs incommensurables sacrifices. Nous nous sommes attel\u00e9s, depuis des ann\u00e9es, \u00e0 construire une arm\u00e9e forte, moderne et professionnelle ; une arm\u00e9e aux rangs serr\u00e9s, pr\u00eate \u00e0 s\u2019acquitter de ses missions en toutes circonstances ; une arm\u00e9e dont les \u00e9l\u00e9ments sont impr\u00e9gn\u00e9s d\u2019un haut sens de patriotisme et d\u2019une discipline exemplaire, afin que l\u2019Arm\u00e9e Nationale Populaire demeure la colonne vert\u00e9brale de l\u2019Etat et le soutien du peuple dans les \u00e9preuves et les crises. Mais ceci a d\u00fb exasp\u00e9rer certaines parties, qui s\u2019\u00e9chine \u00e0 cibler l\u2019Arm\u00e9e en portant atteinte \u00e0 sa r\u00e9putation et la coh\u00e9sion de ses composantes, afin de r\u00e9aliser leurs desseins malveillants. Des desseins que l\u2019Arm\u00e9e Nationale Populaire, qui demeure une ligne rouge, saura contrecarrer avec toute la rigueur et la d\u00e9termination et en usant de tous les moyens l\u00e9gaux.<\/span><\/p>\n<p><span class=\"c5\">Ces acquis pr\u00e9cieux et inestimables qu\u2019il nous appartient de pr\u00e9server en toutes circonstances, notamment au regard de la situation d\u00e9l\u00e9t\u00e8re dans notre r\u00e9gion. Partant de ce principe, nous ne permettrons jamais et en aucun cas que ces acquis, qui sont en r\u00e9alit\u00e9 les acquis du peuple alg\u00e9rien, soient compromis \u00bb.<\/span><span class=\"c5\"><br \/><\/span><span class=\"c5\"><br \/><\/span><span class=\"c5\">\u00a0Monsieur le G\u00e9n\u00e9ral de Corps d\u2019Arm\u00e9e a r\u00e9it\u00e9r\u00e9 son immuable alignement aux c\u00f4t\u00e9s du peuple, en tant que Moudjahid qui assume pleinement ses responsabilit\u00e9s historiques :<\/span><span class=\"c5\"><br \/><\/span><span class=\"c5\">\u00ab J\u2019ai confirm\u00e9 \u00e0 maintes fois qu\u2019en ma qualit\u00e9 de Moudjahid ayant lutt\u00e9 par le pass\u00e9 contre le colonialisme tyrannique et ayant v\u00e9cu la souffrance du peuple en cette p\u00e9riode difficile, je ne saurai me taire aujourd\u2019hui sur les complots et les conspirations abjectes, foment\u00e9s par une bande qui a fait de la fraude, la malversation et la duplicit\u00e9 sa vocation. Aussi, je suis avec le peuple et \u00e0 ses c\u00f4t\u00e9s pour le meilleur et pour le pire, comme je le fut par le pass\u00e9, et je m\u2019engage devant Allah et devant la patrie et le peuple que je n\u2019\u00e9pargnerai aucun effort \u00e0 cette fin, quoi qu\u2019il m\u2019en co\u00fbtera \u00bb.<\/span><span class=\"c5\"><br \/><\/span><span class=\"c5\"><br \/><\/span> <span class=\"c5\">A l\u2019issue, Monsieur le G\u00e9n\u00e9ral de Corps d\u2019Arm\u00e9e a r\u00e9it\u00e9r\u00e9 son attachement \u00e0 l\u2019application de la proposition de l\u2019Arm\u00e9e nationale Populaire sans plus tarder :<\/span><span class=\"c5\"><br \/><\/span><span class=\"c5\">\u00ab Ainsi, nous estimons qu\u2019il n\u2019y plus lieu de perdre davantage de temps et qu\u2019il faut appliquer imm\u00e9diatement la solution constitutionnelle propos\u00e9e, \u00e0 savoir la mise en application des articles 7, 8 et 102 et entamer le processus garantissant la gestion des affaires de l\u2019Etat dans le cadre de la l\u00e9gitimit\u00e9 constitutionnelle.<\/span><\/p>\n<p><span class=\"c5\">Aussi notre d\u00e9cision est claire et irr\u00e9vocable. Nous soutiendrons le peuple jusqu\u2019\u00e0 ce que ses revendications soient enti\u00e8rement et totalement satisfaites. Etant le fils du peuple et partant de la responsabilit\u00e9 historique qui m\u2019incombe, je ne pourrai que m\u2019aligner sur ce peuple dont la patience n\u2019a que trop durer et qui a tant souffert des diff\u00e9rentes \u00e9preuves. Car il est temps pour qu\u2019il recouvre ses droits constitutionnels l\u00e9gitimes et sa pleine souverainet\u00e9.<\/span><\/p>\n<p><span class=\"c5\">Enfin, nous r\u00e9it\u00e9rons encore une fois que notre d\u00e9marche pour trouver une solution \u00e0 cette crise, \u00e9mane exclusivement et strictement de notre all\u00e9geance envers la Patrie et uniquement la Patrie, car nous croyons fermement en la capacit\u00e9 du peuple alg\u00e9rien \u00e0 surpasser les crises, aussi graves qu\u2019elles puissent \u00eatre, gr\u00e2ce \u00e0 ses r\u00e9f\u00e9rents historiques et civilisationnels ainsi qu\u2019\u00e0 ses ressources humaines impr\u00e9gn\u00e9es de patriotisme et parce que nous somme convaincus qu\u2019aussi longtemps qu\u2019une personne vive, elle est appel\u00e9e \u00e0 disparaitre un jour, mais la patrie vivra \u00e9ternellement\u00bb.<\/span><\/p>\n<div class=\"yuzo_related_post style-1\" data-version=\"5.12.88\">\n<p><h3>Related Post<\/h3>\n<\/p>\n<div class=\"yuzo_wraps\">\n<div class=\"relatedthumb relatedpost-554241 c12\"><a href=\"https:\/\/www.elwatan.com\/regions\/kabylie\/boumerdes\/main-doeuvre-etrangere-dans-la-wilaya-de-boumerdes-plus-de-1500-travailleurs-non-declares-21-01-2019\"\/><\/p>\n<p><span class=\"yuzo__text--title c11\">Main-d\u2019\u0153uvre \u00e9trang\u00e8re dans la wilaya de Boumerd\u00e8s&#8230;<\/span><\/div>\n<div class=\"relatedthumb relatedpost-559608 c12\"><a href=\"https:\/\/www.elwatan.com\/pages-hebdo\/magazine\/facebook-une-drogue-des-temps-modernes-21-02-2019\"\/><\/p>\n<p><span class=\"yuzo__text--title c11\">Facebook, une drogue des temps modernes\u00a0?<\/span><\/div>\n<div class=\"relatedthumb relatedpost-566540 c12\"><a href=\"https:\/\/www.elwatan.com\/edition\/actualite\/10-dates-de-fin-de-regime-29-03-2019\"\/><\/p>\n<p><span class=\"yuzo__text--title c11\">10 dates de fin de r\u00e9gime<\/span><\/div>\n<div class=\"relatedthumb relatedpost-553775 c12\"><a href=\"https:\/\/www.elwatan.com\/edition\/actualite\/catastrophes-naturelles-53-milliards-de-dinars-de-degats-en-2018-18-01-2019\"\/><\/p>\n<p><span class=\"yuzo__text--title c11\">Catastrophes naturelles : 53 milliards de dinars d&#8230;<\/span><\/div>\n<\/div>\n<\/div>\n<p><span class=\"post-views-label\">Post Views:<\/span> <span class=\"post-views-count\">2\u00a0552<\/span><\/p>\n<p>Auteur: Mourad Hachid<br \/>\n<a href=\"https:\/\/www.elwatan.com\/edition\/actualite\/communique-du-ministere-de-la-defense-nationale-02-04-2019\">Cliquez ici pour lire l&rsquo;article depuis sa source.<\/a><\/p>\n","protected":false},"excerpt":{"rendered":"<p>Nous reproduisons int\u00e9gralement le communiqu\u00e9 du minist\u00e8re de La D\u00e9fense nationale, ci dessous: Monsieur le G\u00e9n\u00e9ral de Corps d\u2019Arm\u00e9e Ahmed Ga\u00efd Salah, Vice-Ministre de la D\u00e9fense Nationale, Chef d\u2019Etat-Major de l\u2019Arm\u00e9e Nationale Populaire a pr\u00e9sid\u00e9, l\u2019apr\u00e8s-midi d\u2019aujourd\u2019hui, 02 avril 2019, une r\u00e9union au si\u00e8ge de l\u2019Etat-Major de l\u2019Arm\u00e9e Nationale Populaire, avec les Commandants de Forces, [&hellip;]<\/p>\n","protected":false},"author":1743,"featured_media":25501,"comment_status":"closed","ping_status":"closed","sticky":false,"template":"","format":"standard","meta":{"fifu_image_url":"","fifu_image_alt":"","footnotes":""},"categories":[73,53],"tags":[],"class_list":["post-25500","post","type-post","status-publish","format-standard","has-post-thumbnail","hentry","category-actualite","category-algerie"],"_links":{"self":[{"href":"https:\/\/linitiative.ca\/International\/wp-json\/wp\/v2\/posts\/25500","targetHints":{"allow":["GET"]}}],"collection":[{"href":"https:\/\/linitiative.ca\/International\/wp-json\/wp\/v2\/posts"}],"about":[{"href":"https:\/\/linitiative.ca\/International\/wp-json\/wp\/v2\/types\/post"}],"author":[{"embeddable":true,"href":"https:\/\/linitiative.ca\/International\/wp-json\/wp\/v2\/users\/1743"}],"replies":[{"embeddable":true,"href":"https:\/\/linitiative.ca\/International\/wp-json\/wp\/v2\/comments?post=25500"}],"version-history":[{"count":0,"href":"https:\/\/linitiative.ca\/International\/wp-json\/wp\/v2\/posts\/25500\/revisions"}],"wp:featuredmedia":[{"embeddable":true,"href":"https:\/\/linitiative.ca\/International\/wp-json\/"}],"wp:attachment":[{"href":"https:\/\/linitiative.ca\/International\/wp-json\/wp\/v2\/media?parent=25500"}],"wp:term":[{"taxonomy":"category","embeddable":true,"href":"https:\/\/linitiative.ca\/International\/wp-json\/wp\/v2\/categories?post=25500"},{"taxonomy":"post_tag","embeddable":true,"href":"https:\/\/linitiative.ca\/International\/wp-json\/wp\/v2\/tags?post=25500"}],"curies":[{"name":"wp","href":"https:\/\/api.w.org\/{rel}","templated":true}]}}