{"id":25502,"date":"2019-04-02T13:57:38","date_gmt":"2019-04-02T17:57:38","guid":{"rendered":"https:\/\/linitiative.ca\/International\/gaid-salah-annonce-la-destitution-imminente-de-bouteflika\/"},"modified":"2019-04-02T13:57:38","modified_gmt":"2019-04-02T17:57:38","slug":"gaid-salah-annonce-la-destitution-imminente-de-bouteflika","status":"publish","type":"post","link":"https:\/\/linitiative.ca\/International\/gaid-salah-annonce-la-destitution-imminente-de-bouteflika\/","title":{"rendered":"Ga\u00efd Salah annonce la destitution imminente de Bouteflika"},"content":{"rendered":"<h4 class=\"title-14\"\/>\n<div class=\"featured_image\"><img width=\"400\" height=\"266\" data-cfsrc=\"https:\/\/www.elwatan.com\/wp-content\/uploads\/2019\/04\/MDN.jpg\" class=\"attachment-post-thumbnail size-post-thumbnail wp-post-image c1\" alt=\"\" srcset=\"https:\/\/www.elwatan.com\/wp-content\/uploads\/2019\/04\/MDN.jpg 400w, https:\/\/www.elwatan.com\/wp-content\/uploads\/2019\/04\/MDN-300x200.jpg 300w\" sizes=\"(max-width: 400px) 100vw, 400px\"\/><noscript><\/p>\n<p><img loading=\"lazy\" decoding=\"async\" width=\"400\" height=\"266\" src=\"https:\/\/www.elwatan.com\/wp-content\/uploads\/2019\/04\/MDN.jpg\" class=\"attachment-post-thumbnail size-post-thumbnail wp-post-image\" alt=\"\" srcset=\"https:\/\/www.elwatan.com\/wp-content\/uploads\/2019\/04\/MDN.jpg 400w, https:\/\/www.elwatan.com\/wp-content\/uploads\/2019\/04\/MDN-300x200.jpg 300w\" sizes=\"auto, (max-width: 400px) 100vw, 400px\"\/><\/p>\n<p><\/noscript> <span class=\"featured-image-caption\">R\u00e9union du haut commandement de l&rsquo;arm\u00e9e. Photo : MDN.<\/span><\/div>\n<p>Le g\u00e9n\u00e9ral de corps d\u2019arm\u00e9e Ahmed Ga\u00efd Salah, Vice-ministre de la D\u00e9fense et chef d\u2019Etat-Major de L\u2019ANP a pr\u00e9sid\u00e9, d\u2019aujourd\u2019hui, dans l\u2019apr\u00e8s-midi, une r\u00e9union du Haut commandement de l\u2019arm\u00e9e durant laquelle il a tir\u00e9 \u00e0 boulets rouges sur le cercle pr\u00e9sidentiel et a annonc\u00e9 l\u2019activation des articles 7, 8 et 102 de la constitution.<\/p>\n<p>\u00ab Nous estimons qu\u2019il n\u2019y a plus lieu de perdre davantage de temps et qu\u2019il faut appliquer imm\u00e9diatement la solution constitutionnelle propos\u00e9e, \u00e0 savoir la mise en application <a href=\"https:\/\/www.elwatan.com\/edition\/actualite\/gaid-salah-insiste-sur-lactivation-de-larticle-102-de-la-constitution-et-accuse-30-03-2019\">des articles 7, 8 et 102<\/a> et entamer le processus garantissant la gestion des affaires de l\u2019Etat dans le cadre de la l\u00e9gitimit\u00e9 constitutionnelle \u00bb, a d\u00e9clar\u00e9 Ga\u00efd Salah, cit\u00e9 dans un communiqu\u00e9 du MDN.<\/p>\n<p>Au cours de cette r\u00e9union qui a vu la participation des commandants de Forces, les commandants des r\u00e9gions militaires, le SG du minist\u00e8re de la D\u00e9fense et les chefs des deux D\u00e9partements de l\u2019Etat-Major de l\u2019ANP, le chef d\u2019\u00e9tat major de l\u2019arm\u00e9e a affirm\u00e9 que Abdelaziz Bouteflika n\u2019est pas l\u2019auteur du dernier communiqu\u00e9 de la pr\u00e9sidence de la R\u00e9publique, rendu public hier lundi. Un communiqu\u00e9 qui a annonc\u00e9 que le pr\u00e9sident Bouteflika\u00a0<a href=\"https:\/\/www.elwatan.com\/a-la-une\/le-president-bouteflika-demissionnera-avant-le-28-avril-prochain-01-04-2019\">d\u00e9missionnera avant la fin de son mandat<\/a>, pr\u00e9vue le 28 avril prochain. \u00ab Alors que le peuple alg\u00e9rien attendait avec impatience la satisfaction de ses revendications l\u00e9gitimes, parut en date du 1er avril un communiqu\u00e9 attribu\u00e9 au Pr\u00e9sident de la R\u00e9publique, alors qu\u2019en r\u00e9alit\u00e9 il \u00e9manait d\u2019entit\u00e9s non constitutionnelles et non habilit\u00e9es, ayant trait \u00e0 la prise de d\u00e9cisions importantes concernant la phase de transition. Dans ce contexte particulier, nous confirmons que toute d\u00e9cision prise en dehors du cadre constitutionnel est consid\u00e9r\u00e9e comme nulle et non avenue \u00bb, a d\u00e9clar\u00e9 Ga\u00efd Salah.<\/p>\n<p><strong>Lire<\/strong> <a href=\"https:\/\/www.elwatan.com\/edition\/actualite\/communique-du-ministere-de-la-defense-nationale-02-04-2019\">le communique du minist\u00e8re de la D\u00e9fense nationale<\/a><\/p>\n<div class=\"yuzo_related_post style-1\" data-version=\"5.12.88\">\n<p><h3>Related Post<\/h3>\n<\/p>\n<div class=\"yuzo_wraps\">\n<div class=\"relatedthumb relatedpost-556241 c11\"><a href=\"https:\/\/www.elwatan.com\/edition\/actualite\/ouyahia-affirme-que-bouteflika-est-candidat-a-la-presidentielle-02-02-2019\"\/><\/p>\n<p><span class=\"yuzo__text--title c10\">Ouyahia affirme que Bouteflika est candidat \u00e0 la p&#8230;<\/span><\/div>\n<div class=\"relatedthumb relatedpost-148658 c11\"><a href=\"https:\/\/www.elwatan.com\/edition\/actualite\/limage-de-lalgerie-en-prend-un-coup-10-09-2018\"\/><\/p>\n<p><span class=\"yuzo__text--title c10\">L\u2019image de l\u2019Alg\u00e9rie en prend un coup<\/span><\/div>\n<div class=\"relatedthumb relatedpost-151182 c11\"><a href=\"https:\/\/www.elwatan.com\/edition\/actualite\/nous-craignons-un-reglement-de-comptes-22-09-2018\"\/><\/p>\n<p><span class=\"yuzo__text--title c10\">\u00abNous craignons un r\u00e8glement de comptes\u00bb<\/span><\/div>\n<div class=\"relatedthumb relatedpost-561169 c11\"><a href=\"https:\/\/www.elwatan.com\/edition\/actualite\/des-milliers-de-manifestants-dans-la-rue-01-03-2019\"\/><\/p>\n<p><span class=\"yuzo__text--title c10\">Des centaines de milliers d\u2019Alg\u00e9riens manife&#8230;<\/span><\/div>\n<\/div>\n<\/div>\n<p><span class=\"post-views-label\">Post Views:<\/span> <span class=\"post-views-count\">4\u00a0555<\/span><\/p>\n<p>Auteur: Farouk Djouadi<br \/>\n<a href=\"https:\/\/www.elwatan.com\/edition\/actualite\/gaid-salah-annonce-la-destitution-imminente-de-bouteflika-02-04-2019\">Cliquez ici pour lire l&rsquo;article depuis sa source.<\/a><\/p>\n","protected":false},"excerpt":{"rendered":"<p>R\u00e9union du haut commandement de l&rsquo;arm\u00e9e. Photo : MDN. Le g\u00e9n\u00e9ral de corps d\u2019arm\u00e9e Ahmed Ga\u00efd Salah, Vice-ministre de la D\u00e9fense et chef d\u2019Etat-Major de L\u2019ANP a pr\u00e9sid\u00e9, d\u2019aujourd\u2019hui, dans l\u2019apr\u00e8s-midi, une r\u00e9union du Haut commandement de l\u2019arm\u00e9e durant laquelle il a tir\u00e9 \u00e0 boulets rouges sur le cercle pr\u00e9sidentiel et a annonc\u00e9 l\u2019activation des [&hellip;]<\/p>\n","protected":false},"author":1743,"featured_media":25503,"comment_status":"closed","ping_status":"closed","sticky":false,"template":"","format":"standard","meta":{"fifu_image_url":"","fifu_image_alt":"","footnotes":""},"categories":[73,53],"tags":[],"class_list":["post-25502","post","type-post","status-publish","format-standard","has-post-thumbnail","hentry","category-actualite","category-algerie"],"_links":{"self":[{"href":"https:\/\/linitiative.ca\/International\/wp-json\/wp\/v2\/posts\/25502","targetHints":{"allow":["GET"]}}],"collection":[{"href":"https:\/\/linitiative.ca\/International\/wp-json\/wp\/v2\/posts"}],"about":[{"href":"https:\/\/linitiative.ca\/International\/wp-json\/wp\/v2\/types\/post"}],"author":[{"embeddable":true,"href":"https:\/\/linitiative.ca\/International\/wp-json\/wp\/v2\/users\/1743"}],"replies":[{"embeddable":true,"href":"https:\/\/linitiative.ca\/International\/wp-json\/wp\/v2\/comments?post=25502"}],"version-history":[{"count":0,"href":"https:\/\/linitiative.ca\/International\/wp-json\/wp\/v2\/posts\/25502\/revisions"}],"wp:featuredmedia":[{"embeddable":true,"href":"https:\/\/linitiative.ca\/International\/wp-json\/"}],"wp:attachment":[{"href":"https:\/\/linitiative.ca\/International\/wp-json\/wp\/v2\/media?parent=25502"}],"wp:term":[{"taxonomy":"category","embeddable":true,"href":"https:\/\/linitiative.ca\/International\/wp-json\/wp\/v2\/categories?post=25502"},{"taxonomy":"post_tag","embeddable":true,"href":"https:\/\/linitiative.ca\/International\/wp-json\/wp\/v2\/tags?post=25502"}],"curies":[{"name":"wp","href":"https:\/\/api.w.org\/{rel}","templated":true}]}}