{"id":25530,"date":"2019-04-02T09:26:09","date_gmt":"2019-04-02T13:26:09","guid":{"rendered":"https:\/\/linitiative.ca\/International\/conseil-de-leurope-le-maroc-partenaire-pour-la-democratie-locale\/"},"modified":"2019-04-02T09:26:09","modified_gmt":"2019-04-02T13:26:09","slug":"conseil-de-leurope-le-maroc-partenaire-pour-la-democratie-locale","status":"publish","type":"post","link":"https:\/\/linitiative.ca\/International\/conseil-de-leurope-le-maroc-partenaire-pour-la-democratie-locale\/","title":{"rendered":"Conseil de l\u2019Europe : le Maroc \u00ab Partenaire pour la d\u00e9mocratie locale \u00bb"},"content":{"rendered":"<p>Le Congr\u00e8s des Pouvoirs Locaux et R\u00e9gionaux (CPLR) du <strong>Conseil de l\u2019Europe<\/strong>, r\u00e9uni mardi en pl\u00e9ni\u00e8re \u00e0 Strasbourg, a d\u00e9cid\u00e9 d\u2019octroyer au Maroc le Statut de \u00ab Partenaire pour la d\u00e9mocratie locale \u00bb.<\/p>\n<div class=\"c10\"\/>\n<p>Cette d\u00e9cision a \u00e9t\u00e9 adopt\u00e9e \u00e0 une \u00e9crasante majorit\u00e9 (140 voix pour, une voix contre et deux abstentions) lors de la 36e Session du Congr\u00e8s tenue sous le th\u00e8me annuel \u00ab Des maires pour la sauvegarde de la d\u00e9mocratie \u00bb, en pr\u00e9sence d\u2019une d\u00e9l\u00e9gation marocaine de haut niveau compos\u00e9e d\u2019\u00e9lus locaux et r\u00e9gionaux ainsi que de repr\u00e9sentants de la Direction g\u00e9n\u00e9rale des collectivit\u00e9s locales (DGCL) relevant du minist\u00e8re de l\u2019Int\u00e9rieur, et du Consulat g\u00e9n\u00e9ral du Maroc \u00e0 Strasbourg.<\/p>\n<p>En vertu de la r\u00e9solution vot\u00e9e avec effet imm\u00e9diat, la d\u00e9l\u00e9gation marocaine se voit attribuer 6 si\u00e8ges de repr\u00e9sentants et 6 si\u00e8ges de suppl\u00e9ants au sein du CPLR, une Assembl\u00e9e politique pan-europ\u00e9enne repr\u00e9sentant les autorit\u00e9s locales et r\u00e9gionales des 47 \u00c9tats membres du Conseil de l\u2019Europe et qui compte plus de 200.000 collectivit\u00e9s locales et r\u00e9gionales.<\/p>\n<p>Le statut de <strong>Partenaire pour la d\u00e9mocratie locale<\/strong> a \u00e9t\u00e9 cr\u00e9\u00e9 par le Congr\u00e8s en octobre 2014 comme un statut sp\u00e9cifique pour les pays du voisinage du Conseil de l\u2019Europe, afin d\u2019 \u00ab offrir aux pays concern\u00e9s et qui en font la demande un cadre privil\u00e9gi\u00e9 de dialogue et de contacts institutionnels r\u00e9guliers avec leurs homologues europ\u00e9ens \u00bb.<\/p>\n<p>Le <strong>Maroc<\/strong> est le premier pays de la rive sud de la M\u00e9diterran\u00e9e \u00e0 avoir formul\u00e9 une demande d\u2019adh\u00e9sion \u00e0 cette instance pana-europ\u00e9enne, refl\u00e9tant son engagement irr\u00e9versible en faveur du d\u00e9veloppement de la d\u00e9mocratie locale et la consolidation de l\u2019\u00e9difice d\u00e9centralis\u00e9 bas\u00e9 sur ses sp\u00e9cificit\u00e9s institutionnelles et culturelles.<\/p>\n<p>Le Royaume s\u2019engage \u00e0 travers ce Statut \u00e0 continuer \u00e0 d\u00e9velopper son processus de d\u00e9centralisation et de r\u00e9gionalisation impuls\u00e9 par SM le Roi Mohammed VI, qui vise non seulement l\u2019approfondissement de la d\u00e9mocratie locale, largement participative, mais constitue \u00e9galement un levier pour consacrer les r\u00e9gions en tant qu\u2019acteurs privil\u00e9gi\u00e9s dans le d\u00e9veloppement global int\u00e9gr\u00e9 durable et surtout inclusif du Maroc.<\/p>\n<p>La demande marocaine a \u00e9t\u00e9 adress\u00e9e le 30 mai 2018 \u00e0 la pr\u00e9sidence du CPLR par le ministre de l\u2019Int\u00e9rieur, le pr\u00e9sident de l\u2019Association marocaine des pr\u00e9sidents des conseils communaux (AMPCC) et le pr\u00e9sident de l\u2019Association des R\u00e9gions du Maroc (ARM). Elle avait \u00e9t\u00e9 approuv\u00e9e le 18 juin 2018 par le Bureau du Congr\u00e8s des pouvoirs locaux et r\u00e9gionaux du Conseil de l\u2019Europe, avant d\u2019\u00eatre confirm\u00e9e lors de cette session.<\/p>\n<p>L\u2019octroi au Maroc du Statut de \u00ab Partenaire pour la d\u00e9mocratie locale \u00bb tient en compte notamment la participation du Royaume aux activit\u00e9s de coop\u00e9ration avec le Conseil de l\u2019Europe dans le cadre du Partenariat de voisinage depuis 2012, ainsi qu\u2019\u00e0 ses diverses conventions et accords partiels, ou encore l\u2019attribution du statut de Partenaire pour la d\u00e9mocratie aupr\u00e8s de l\u2019Assembl\u00e9e parlementaire du Conseil de l\u2019Europe (APCE) au Parlement marocain en 2011, selon le texte de la r\u00e9solution.<\/p>\n<p>La coop\u00e9ration entre le Congr\u00e8s et le Maroc a d\u00e9but\u00e9 suite \u00e0 une demande du Royaume de b\u00e9n\u00e9ficier de l\u2019expertise du Congr\u00e8s dans le cadre de la pr\u00e9paration de la loi sur la r\u00e9gionalisation avanc\u00e9e en 2010. Cette coop\u00e9ration a \u00e9t\u00e9 renforc\u00e9e gr\u00e2ce aux activit\u00e9s de coop\u00e9ration mises en oeuvre par le Congr\u00e8s au Maroc dans le cadre du Partenariat Sud-Med.<\/p>\n<p>Le Maroc et le Conseil de l\u2019Europe n\u2019ont pas cess\u00e9 de renforcer leur coop\u00e9ration dans plusieurs domaines, notamment, en mati\u00e8re de r\u00e9forme de la Justice, de convergence r\u00e9glementaire et l\u00e9gislative, de soutien \u00e0 la gouvernance, de pr\u00e9vention de la corruption et du blanchiment d\u2019argent, de d\u00e9veloppement des r\u00e9seaux de partenariat entre le Conseil de l\u2019Europe et le Royaume.<\/p>\n<p>Le Maroc a \u00e9t\u00e9 le 1er pays du Sud de la M\u00e9diterran\u00e9e \u00e0 adh\u00e9rer en tant que membre \u00e0 la Commission europ\u00e9enne pour la D\u00e9mocratie par le Droit, dite \u00ab\u00a0Commission de Venise\u00a0\u00bb, le 1er juin 2007, et le Parlement marocain est \u00e9galement le premier \u00e0 b\u00e9n\u00e9ficier, depuis juin 2011, du Statut de \u00ab\u00a0Partenaire pour la D\u00e9mocratie\u00a0\u00bb aupr\u00e8s de l\u2019Assembl\u00e9e Parlementaire du Conseil de l\u2019Europe (APCE).<\/p>\n<p>Le Royaume participe \u00e0 d\u2019autres instances du Conseil de l\u2019Europe, notamment le Centre Nord-Sud depuis 2009 et le R\u00e9seau m\u00e9diterran\u00e9en du Groupe Pompidou (MedNET) depuis 2006. En outre, il dispose depuis 1997 du statut d\u2019observateur aupr\u00e8s de la Pharmacop\u00e9e europ\u00e9enne qui un r\u00f4le fondamental dans la normalisation de la qualit\u00e9 des m\u00e9dicaments et leur certification (principes actifs, produits biologiques, vaccins).<\/p>\n<div class=\"c17\">\n<fieldset class=\"c16\">\n<legend><strong><span class=\"c11\">Challenge<\/span><span class=\"c12\">news<\/span><\/strong><\/legend>\n<div class=\"c15\">Le meilleur de la r\u00e9daction s\u00e9lectionn\u00e9 par Challenge :<\/p>\n<\/div>\n<\/fieldset>\n<\/div>\n<p>Auteur: challenge<br \/>\n<a href=\"https:\/\/www.challenge.ma\/conseil-de-leurope-le-maroc-obtient-le-statut-de-partenaire-pour-la-democratie-locale-107156\/\">Cliquez ici pour lire l&rsquo;article depuis sa source.<\/a><\/p>\n","protected":false},"excerpt":{"rendered":"<p>Le Congr\u00e8s des Pouvoirs Locaux et R\u00e9gionaux (CPLR) du Conseil de l\u2019Europe, r\u00e9uni mardi en pl\u00e9ni\u00e8re \u00e0 Strasbourg, a d\u00e9cid\u00e9 d\u2019octroyer au Maroc le Statut de \u00ab Partenaire pour la d\u00e9mocratie locale \u00bb. Cette d\u00e9cision a \u00e9t\u00e9 adopt\u00e9e \u00e0 une \u00e9crasante majorit\u00e9 (140 voix pour, une voix contre et deux abstentions) lors de la 36e [&hellip;]<\/p>\n","protected":false},"author":1787,"featured_media":0,"comment_status":"closed","ping_status":"closed","sticky":false,"template":"","format":"standard","meta":{"fifu_image_url":"","fifu_image_alt":"","footnotes":""},"categories":[78,54],"tags":[],"class_list":["post-25530","post","type-post","status-publish","format-standard","hentry","category-economie","category-maroc"],"_links":{"self":[{"href":"https:\/\/linitiative.ca\/International\/wp-json\/wp\/v2\/posts\/25530","targetHints":{"allow":["GET"]}}],"collection":[{"href":"https:\/\/linitiative.ca\/International\/wp-json\/wp\/v2\/posts"}],"about":[{"href":"https:\/\/linitiative.ca\/International\/wp-json\/wp\/v2\/types\/post"}],"author":[{"embeddable":true,"href":"https:\/\/linitiative.ca\/International\/wp-json\/wp\/v2\/users\/1787"}],"replies":[{"embeddable":true,"href":"https:\/\/linitiative.ca\/International\/wp-json\/wp\/v2\/comments?post=25530"}],"version-history":[{"count":0,"href":"https:\/\/linitiative.ca\/International\/wp-json\/wp\/v2\/posts\/25530\/revisions"}],"wp:attachment":[{"href":"https:\/\/linitiative.ca\/International\/wp-json\/wp\/v2\/media?parent=25530"}],"wp:term":[{"taxonomy":"category","embeddable":true,"href":"https:\/\/linitiative.ca\/International\/wp-json\/wp\/v2\/categories?post=25530"},{"taxonomy":"post_tag","embeddable":true,"href":"https:\/\/linitiative.ca\/International\/wp-json\/wp\/v2\/tags?post=25530"}],"curies":[{"name":"wp","href":"https:\/\/api.w.org\/{rel}","templated":true}]}}