{"id":25577,"date":"2019-04-02T13:39:57","date_gmt":"2019-04-02T17:39:57","guid":{"rendered":"https:\/\/linitiative.ca\/International\/cameroun-le-minsante-suspend-trois-infirmieres-de-lhopital-de-deido\/"},"modified":"2019-04-02T13:39:57","modified_gmt":"2019-04-02T17:39:57","slug":"cameroun-le-minsante-suspend-trois-infirmieres-de-lhopital-de-deido","status":"publish","type":"post","link":"https:\/\/linitiative.ca\/International\/cameroun-le-minsante-suspend-trois-infirmieres-de-lhopital-de-deido\/","title":{"rendered":"Cameroun: le Minsant\u00e9 suspend trois infirmi\u00e8res de l\u2019H\u00f4pital de De\u00efdo"},"content":{"rendered":"<div readability=\"32\">\n<p>Publi\u00e9 le 02.04.2019 \u00e0 18h39 par Louise Nsana<\/p>\n<\/div>\n<div readability=\"58\">\n<h2><em>Le ministre de la Sant\u00e9 publique a d\u00e9cid\u00e9 de la suspension de trois infirmi\u00e8res de l\u2019H\u00f4pital de De\u00efdo impliqu\u00e9es dans la prise d\u2019images de la sc\u00e8ne de r\u00e9animation de la victime du Lyc\u00e9e bilingue de De\u00efdo.<\/em><\/h2>\n<p>Ndonda \u00e9pouse Mblella Fid\u00e8le Marie, Ntogni C\u00e9l\u00e9rie \u00e9pouse Kouamo et Nlontchi Ndeko C\u00e9lestine, infirmi\u00e8res de l\u2019h\u00f4pital de district de De\u00efdo, viennent d\u2019\u00eatre suspendues pour trois mois. Ainsi en a d\u00e9cid\u00e9 mardi le ministre de la Sant\u00e9 publique, Manaouda Malachie, en lien avec le d\u00e9c\u00e8s du jeune Rochman Bl\u00e9riot Tsanou \u00e9l\u00e8ve au Lyc\u00e9e bilingue de De\u00efdo d\u00e9c\u00e9d\u00e9 le 29 mars apr\u00e8s une agression.<\/p>\n<p>Ces dames sont suspendues pour une dur\u00e9e de trois mois pour manquement grave \u00e0 l\u2019\u00e9thique et \u00e0 la d\u00e9ontologie professionnelle. Elles ont captur\u00e9 en images la sc\u00e8ne de r\u00e9animation de la victime au sein de ladite formation. Les vid\u00e9os y relatives ont ensuite \u00e9t\u00e9 largement diffus\u00e9es sur les r\u00e9seaux sociaux, suscitant l\u2019indignation g\u00e9n\u00e9rale. On y voit un m\u00e9decin appliquant un massage cardiaque \u00e0 la victime et des membres du personnel, attroup\u00e9s, filment l\u2019intervention.<\/p>\n<p><ins data-revive-zoneid=\"9\" data-revive-id=\"10111e19d28d19d031742ee3b0b33eb0\"\/> <\/p>\n<p>Rochman Bl\u00e9riot Tsanou a \u00e9t\u00e9 poignard\u00e9 au sein de son \u00e9tablissement au cours d\u2019une dispute avec un camarade qui a vir\u00e9 en une sc\u00e8ne de bagarre. Jusqu\u2019ici, seul le ministre Manaouda Malachie s\u2019est exprim\u00e9 sur ce sujet qui remet \u00e0 l\u2019ordre du jour la s\u00e9curit\u00e9 au sein des \u00e9tablissements scolaires. Il a critiqu\u00e9, via un tweet le 31 mars, le comportement de ces professionnels de la sant\u00e9. La ministre des Enseignement secondaires, Nalova Lyonga, n\u2019a pas r\u00e9agi jusqu\u2019ici.<\/p>\n<\/div>\n<p>Auteur: nadine laure guepi kenfack<br \/>\n<a href=\"https:\/\/www.journalducameroun.com\/fr\/cameroun-le-minsante-suspend-trois-infirmieres-de-lhopital-de-deido\/\">Cliquez ici pour lire l&rsquo;article depuis sa source.<\/a><\/p>\n","protected":false},"excerpt":{"rendered":"<p>Publi\u00e9 le 02.04.2019 \u00e0 18h39 par Louise Nsana Le ministre de la Sant\u00e9 publique a d\u00e9cid\u00e9 de la suspension de trois infirmi\u00e8res de l\u2019H\u00f4pital de De\u00efdo impliqu\u00e9es dans la prise d\u2019images de la sc\u00e8ne de r\u00e9animation de la victime du Lyc\u00e9e bilingue de De\u00efdo. Ndonda \u00e9pouse Mblella Fid\u00e8le Marie, Ntogni C\u00e9l\u00e9rie \u00e9pouse Kouamo et Nlontchi [&hellip;]<\/p>\n","protected":false},"author":1965,"featured_media":0,"comment_status":"closed","ping_status":"closed","sticky":false,"template":"","format":"standard","meta":{"fifu_image_url":"","fifu_image_alt":"","footnotes":""},"categories":[73,82],"tags":[],"class_list":["post-25577","post","type-post","status-publish","format-standard","hentry","category-actualite","category-cameroun"],"_links":{"self":[{"href":"https:\/\/linitiative.ca\/International\/wp-json\/wp\/v2\/posts\/25577","targetHints":{"allow":["GET"]}}],"collection":[{"href":"https:\/\/linitiative.ca\/International\/wp-json\/wp\/v2\/posts"}],"about":[{"href":"https:\/\/linitiative.ca\/International\/wp-json\/wp\/v2\/types\/post"}],"author":[{"embeddable":true,"href":"https:\/\/linitiative.ca\/International\/wp-json\/wp\/v2\/users\/1965"}],"replies":[{"embeddable":true,"href":"https:\/\/linitiative.ca\/International\/wp-json\/wp\/v2\/comments?post=25577"}],"version-history":[{"count":0,"href":"https:\/\/linitiative.ca\/International\/wp-json\/wp\/v2\/posts\/25577\/revisions"}],"wp:attachment":[{"href":"https:\/\/linitiative.ca\/International\/wp-json\/wp\/v2\/media?parent=25577"}],"wp:term":[{"taxonomy":"category","embeddable":true,"href":"https:\/\/linitiative.ca\/International\/wp-json\/wp\/v2\/categories?post=25577"},{"taxonomy":"post_tag","embeddable":true,"href":"https:\/\/linitiative.ca\/International\/wp-json\/wp\/v2\/tags?post=25577"}],"curies":[{"name":"wp","href":"https:\/\/api.w.org\/{rel}","templated":true}]}}