{"id":25610,"date":"2019-04-03T05:48:36","date_gmt":"2019-04-03T09:48:36","guid":{"rendered":"https:\/\/linitiative.ca\/International\/fusion-mercedes-bmw-un-mariage-de-raison\/"},"modified":"2019-04-03T05:48:36","modified_gmt":"2019-04-03T09:48:36","slug":"fusion-mercedes-bmw-un-mariage-de-raison","status":"publish","type":"post","link":"https:\/\/linitiative.ca\/International\/fusion-mercedes-bmw-un-mariage-de-raison\/","title":{"rendered":"Fusion Mercedes BMW: Un mariage de raison"},"content":{"rendered":"<p class=\"c4\"><strong><span class=\"c2\">D<\/span><span class=\"c3\">eux r\u00e9f\u00e9rences dans l\u2019univers des marques premiums, BMW et Daimler Mercedes, ont d\u00e9voil\u00e9 r\u00e9cemment leur intention de fusionner. Susceptible de se positionner en tant que premier\u00a0 groupe de mobilit\u00e9 mondial, la nouvelle entit\u00e9 est baptis\u00e9e DeuMo.<\/span><\/strong><\/p>\n<p class=\"c4\">Berlin accueillera le si\u00e8ge de DeuMo, soci\u00e9t\u00e9 m\u00e8re des g\u00e9ants de l\u2019industrie automobile Mercedes et BMW. Le Patron de la firme \u00e0 l\u2019\u00e9toile, Dieter Zetsche, a d\u00e9clar\u00e9 \u00e0 cette occasion \u00e0 la presse que\u00a0: \u00abDeuMo n\u2019est pas un groupe automobile, c\u2019est un groupe de mobilit\u00e9, dont l\u2019automobile est l\u2019un des secteurs forts, mais pas le seul\u00bb.<\/p>\n<p class=\"c4\">Le choix de la capitale de l\u2019Allemagne ne doit rien au hasard\u00a0! Outre son poids politique, le car sharing y connait un essor particulier. \u00abNotre industrie fait face \u00e0 des d\u00e9fis sans pr\u00e9c\u00e9dent: les co\u00fbts de l\u2019\u00e9lectrification, la baisse de l\u2019int\u00e9r\u00eat des jeunes pour l\u2019automobile, les sanctions CO2 pour n\u2019en citer que quelques uns. L\u2019\u00e8re du business-as-usual appartient au pass\u00e9\u00bb, affirme Harald Kr\u00fcger, PDG de la marque \u00e0 l\u2019h\u00e9lice.<\/p>\n<p class=\"c4\">Une fois cette m\u00e9ga-op\u00e9ration de fusion aura l\u2019aval des autorit\u00e9s publics anti-cartellaires et les conseils d\u2019administration des deux entit\u00e9s, Zetsche devrait h\u00e9riter de la Pr\u00e9sidence du Conseil d\u2019Administration et Kr\u00fcger du poste de CEO.<\/p>\n<p class=\"c4\">Mercedes a d\u00e9voil\u00e9 \u00e0 cette occasion son m\u00e9ga projet avec un grand constructeur chinois. Daimler AG (Daimler) et Zhejiang Geely Holding (Geely Holding), le groupe automobile allemand et chinois, ont annonc\u00e9 r\u00e9cemment la cr\u00e9ation d\u2019une entreprise commune \u00e0 parts \u00e9gales d\u00e9tenue \u00e0 50\/50, dans le but de continuer \u00e0 d\u00e9velopper smart, le pionnier des petits v\u00e9hicules urbains, leader du march\u00e9 des v\u00e9hicules \u00e9lectriques haut de gamme.<\/p>\n<p class=\"c4\"><strong>Le poids de l\u2019empire du milieu<\/strong><\/p>\n<p class=\"c4\">L\u2019accord de la joint-venture a pour objet la fabrication d\u2019une nouvelle g\u00e9n\u00e9ration de mod\u00e8les \u00e9lectriques smart dans une nouvelle usine de voitures \u00e9lectriques construite \u00e0 cet effet en Chine et dont les ventes mondiales doivent commencer en 2022.<\/p>\n<p class=\"c4\">Dieter Zetsche, Pr\u00e9sident du Conseil d\u2019Administration de Daimler AG et patron de la Direction de Mercedes-Benz Cars, a ajout\u00e9: \u00abPour plus de 2,2 millions de clients, smart repr\u00e9sente un pionnier de la mobilit\u00e9 urbaine. Sur la base de cette r\u00e9ussite, nous sommes impatients d\u2019am\u00e9liorer encore plus la marque avec Geely Holding, un partenaire solide dans le secteur des v\u00e9hicules \u00e9lectriques. Nous allons conjointement concevoir et d\u00e9velopper la prochaine g\u00e9n\u00e9ration de voitures \u00e9lectriques smart combinant \u00e0 la fois une production de haute qualit\u00e9 et des normes de s\u00e9curit\u00e9 pour la vente en Chine et dans le monde. S\u00e9par\u00e9ment, Mercedes-Benz produira un v\u00e9hicule \u00e9lectrique compact \u00e0 l\u2019usine de Hambach, en maintenant des emplois avec un accroissement des investissements sur place\u00bb.<\/p>\n<p class=\"c4\">Li Shufu, Pr\u00e9sident de Geely Holding, a d\u00e9clar\u00e9: \u00abNous respectons pleinement la valeur de smart. Cette marque a un attrait unique et une forte valeur commerciale. Geely Holding et Daimler se r\u00e9jouissent de ce nouveau projet stimulant et excitant, \u00e0 travers lequel nous allons pousser plus loin l\u2019introduction de mod\u00e8les \u00e9lectriques premium personnalis\u00e9s afin d\u2019offrir une meilleure exp\u00e9rience de mobilit\u00e9 \u00e0 nos clients. En tant que partenaires, nous nous engageons \u00e0 promouvoir la marque smart \u00e0 l\u2019\u00e9chelle mondiale. Nous tirerons partie de notre exp\u00e9rience et de nos comp\u00e9tences mondiales en gestion de marque, R&#038;D, fabrication, de la cha\u00eene d\u2019approvisionnement et d\u2019autres domaines. Les synergies de cette coop\u00e9ration g\u00e9n\u00e8reront des avantages mutuels, en m\u00eame temps nous d\u00e9velopperons davantage de technologies pour smart dont la connectivit\u00e9, afin de rester leader dans une industrie en pleine m\u00e9tamorphose\u00bb.<\/p>\n<p class=\"c4\">Le conseil d\u2019administration de la nouvelle joint-venture smart se composera de six dirigeants repr\u00e9sentant de fa\u00e7on \u00e9gale les deux parties. Les repr\u00e9sentants du conseil d\u2019administration de Daimler AG compteront Hubertus Troska, membre du conseil de direction de Daimler AG responsable de la Grande Chine, Britta Seeger, membre du conseil de direction de Daimler AG, charg\u00e9e du marketing et des ventes de Mercedes-Benz Cars et Markus Sch\u00e4fer, membre du conseil de direction de la division Mercedes-Benz Cars, Production &#038; Supply Chain et membre du conseil de direction responsable de la recherche et du d\u00e9veloppement au sein de Mercedes-Benz Cars. Le Board de Geely sera repr\u00e9sent\u00e9 par Liely Shufu, directeur g\u00e9n\u00e9ral de Geely Holding, An Conghui, Pr\u00e9sident de Geely Holding, pr\u00e9sident et directeur g\u00e9n\u00e9ral de Geely Auto Group et Daniel Donghui Li, vice-pr\u00e9sident ex\u00e9cutif et directeur financier de Geely Holding.<\/p>\n<p class=\"c5\"><strong>Atabi Badr<\/strong><\/p>\n<p>Auteur: rahal mehamed<br \/>\n<a href=\"http:\/\/albayane.press.ma\/fusion-mercedes-bmw-un-mariage-de-raison.html\">Cliquez ici pour lire l&rsquo;article depuis sa source.<\/a><\/p>\n","protected":false},"excerpt":{"rendered":"<p>Deux r\u00e9f\u00e9rences dans l\u2019univers des marques premiums, BMW et Daimler Mercedes, ont d\u00e9voil\u00e9 r\u00e9cemment leur intention de fusionner. Susceptible de se positionner en tant que premier\u00a0 groupe de mobilit\u00e9 mondial, la nouvelle entit\u00e9 est baptis\u00e9e DeuMo. Berlin accueillera le si\u00e8ge de DeuMo, soci\u00e9t\u00e9 m\u00e8re des g\u00e9ants de l\u2019industrie automobile Mercedes et BMW. Le Patron de [&hellip;]<\/p>\n","protected":false},"author":1760,"featured_media":0,"comment_status":"closed","ping_status":"closed","sticky":false,"template":"","format":"standard","meta":{"fifu_image_url":"","fifu_image_alt":"","footnotes":""},"categories":[73,54],"tags":[],"class_list":["post-25610","post","type-post","status-publish","format-standard","hentry","category-actualite","category-maroc"],"_links":{"self":[{"href":"https:\/\/linitiative.ca\/International\/wp-json\/wp\/v2\/posts\/25610","targetHints":{"allow":["GET"]}}],"collection":[{"href":"https:\/\/linitiative.ca\/International\/wp-json\/wp\/v2\/posts"}],"about":[{"href":"https:\/\/linitiative.ca\/International\/wp-json\/wp\/v2\/types\/post"}],"author":[{"embeddable":true,"href":"https:\/\/linitiative.ca\/International\/wp-json\/wp\/v2\/users\/1760"}],"replies":[{"embeddable":true,"href":"https:\/\/linitiative.ca\/International\/wp-json\/wp\/v2\/comments?post=25610"}],"version-history":[{"count":0,"href":"https:\/\/linitiative.ca\/International\/wp-json\/wp\/v2\/posts\/25610\/revisions"}],"wp:attachment":[{"href":"https:\/\/linitiative.ca\/International\/wp-json\/wp\/v2\/media?parent=25610"}],"wp:term":[{"taxonomy":"category","embeddable":true,"href":"https:\/\/linitiative.ca\/International\/wp-json\/wp\/v2\/categories?post=25610"},{"taxonomy":"post_tag","embeddable":true,"href":"https:\/\/linitiative.ca\/International\/wp-json\/wp\/v2\/tags?post=25610"}],"curies":[{"name":"wp","href":"https:\/\/api.w.org\/{rel}","templated":true}]}}