{"id":25646,"date":"2019-04-02T20:34:44","date_gmt":"2019-04-03T00:34:44","guid":{"rendered":"https:\/\/linitiative.ca\/International\/pleins-feux-a-essaouira-sur-les-oeuvres-artistiques-dabdellah-oulamine\/"},"modified":"2019-04-02T20:34:44","modified_gmt":"2019-04-03T00:34:44","slug":"pleins-feux-a-essaouira-sur-les-oeuvres-artistiques-dabdellah-oulamine","status":"publish","type":"post","link":"https:\/\/linitiative.ca\/International\/pleins-feux-a-essaouira-sur-les-oeuvres-artistiques-dabdellah-oulamine\/","title":{"rendered":"Pleins feux \u00e0 Essaouira sur les oeuvres artistiques d\u2019Abdellah Oulamine"},"content":{"rendered":"<div readability=\"36\">\n<p>Essaouira \u2013 Le vernissage d\u2019une exposition d\u2019oeuvres artistiques singuli\u00e8res d\u2019Abdellah Oulamine a eu lieu mardi soir \u00e0 Essaouira, en pr\u00e9sence d\u2019un parterre d\u2019artistes peintres, d\u2019intellectuels et d\u2019acteurs associatifs.<\/p>\n<\/div>\n<div readability=\"117\">\n<p>Visible aux cimaises de l\u2019espace de Dar Souiri, cette exposition, plac\u00e9e sous le signe \u00a0\u00bbR\u00eave et Lumi\u00e8re\u00a0\u00bb, s\u2019inscrit dans le cadre des activit\u00e9s mensuelles de l\u2019Association Essaouira-Mogador visant \u00e0 contribuer \u00e0 la dynamique et \u00e0 l\u2019animation artistique et culturelle que connait la cit\u00e9 des aliz\u00e9s.<\/p>\n<p>A travers cette exposition compos\u00e9e d\u2019une cinquantaine d\u2019oeuvres artistiques, dont des toiles et les vitraux (oeuvres en bois orn\u00e9es de verre), cet artiste-peintre souiri convie les visiteurs \u00e0 un long p\u00e9riple, le temps de d\u00e9couvrir la richesse et la diversit\u00e9 de la nature (arbre, oiseaux\u2026.), l\u2019authenticit\u00e9 du patrimoine, et la singularit\u00e9 d\u2019un quotidien avec ses al\u00e9as et ses tracasseries, tel que v\u00e9cu par tout un chacun.<\/p>\n<p>\u00a0\u00bbIl ne s\u2019agit pas de vitraux au sens propre du terme, mais plut\u00f4t d\u2019oeuvres singuli\u00e8res alliant en toute subtilit\u00e9 du bois et du verre, et qui sont largement inspir\u00e9s des anciennes maisons d\u2019Essaouira et du Maroc qui disposaient de vitrail (Douaya) pour laisser jaillir de la lumi\u00e8re\u00a0\u00bb, a confi\u00e9 \u00e0 la MAP, l\u2019artiste-peintre Abdellah Oulamine.<\/p>\n<p>\u00ab\u00a0L\u2019id\u00e9e donc de ces oeuvres (Vitrail) est tr\u00e8s originale, en ce sens que la finalit\u00e9 est d\u2019apporter et de laisser passer cette lumi\u00e8re dont nous avons tous besoin\u00a0\u00bb, a-t-il pr\u00e9cis\u00e9, se disant fier d\u2019\u00eatre \u00e0 l\u2019origine de l\u2019introduction de cette technique dans les arts plastiques.<\/p>\n<p>Et de conclure que la ville d\u2019Essaouira peut se targuer d\u2019\u00eatre, sans nul doute, une v\u00e9ritable \u00e9cole des beaux arts au Maroc.<\/p>\n<p>\u00a0\u00bbAbdellah Oulamine est un artiste cr\u00e9atif d\u2019Essaouira, parmi les pr\u00e9curseurs de cette cit\u00e9 en mati\u00e8re d\u2019art et de recherche. Il est \u00e9galement \u00e9pris par le patrimoine \u2013mat\u00e9riel et immat\u00e9riel- du Maroc, \u00e0 partir duquel il fait ressortir d\u2019autres cr\u00e9ations artistiques\u00a0\u00bb, a pr\u00e9cis\u00e9 Ahmed Harrouz, artiste-peintre et membre de l\u2019Association Essaouira-Mogador.<\/p>\n<p>Et d\u2019expliquer que \u00a0\u00bbceci en plus de sa pratique du +point+ minutieux avec lequel Oulamine entame la composition et l\u2019expression, tel la prise d\u2019un chapelet avec lequel il compte spirituellement la lecture et la r\u00e9\u00e9criture du message\u00a0\u00bb, notant que \u00a0\u00bbla lumi\u00e8re et le r\u00eave se rejoignent alors pour montrer l\u2019au-del\u00e0 de la forme et l\u2019invisible \u00e0 voir et \u00e0 relire\u00a0\u00bb.<\/p>\n<p>M.Abdellah Cheikh, critique d\u2019art et professeur de l\u2019histoire de l\u2019art \u00e9crit \u00e0 ce sujet: \u00a0\u00bbles travaux artistiques de Abdellah Oulamine se distinguent par une lumineuse \u00e9criture symbolique pointue et par des formes architecturales suggestives; l\u2019artiste inaugure sa d\u00e9marche \u00e0 partir d\u2019un point avec lequel il construit le projet de l\u2019immensit\u00e9 artistique\u00a0\u00bb.<\/p>\n<p>M\u00eame son de cloche chez Hassan Moutaki, critique d\u2019art pour qui l\u2019\u00e9l\u00e9ment r\u00e9f\u00e9rentiel de base est pour Oulamine, les traces de la m\u00e9moire, les couleurs du r\u00eave et la polyformit\u00e9 des points agenc\u00e9s \u00e0 travers un traitement stylistique \u00e9voquant la rh\u00e9torique de la profondeur, de la transparence et de la substitution\u00a0\u00bb.<\/p>\n<p>Et d\u2019ajouter que \u00a0\u00bbloin des tendances occidentales, la peinture minutieuse de l\u2019artiste peintre Abdellah Oulamine s\u2019inscrit dans une actualit\u00e9 intemporelle. Elle n\u2019est pas \u00e0 indexer \u00e0 un quelconque courant de l\u2019art n\u00e9o figuratif au sens conventionnel du terme\u00a0\u00bb.<\/p>\n<p>\u00a0\u00bbCe plasticien chercheur est hypersensible et tr\u00e8s dou\u00e9. Par ses \u00e9tudes des connotations rh\u00e9toriques de la forme, il capte et restitue en couleurs alchimistes la beaut\u00e9 \u00e0 la fois apparente et latente des motifs et ce, dans un doigt\u00e9 g\u00e9n\u00e9reux et une fluidit\u00e9 chromatique surprenante. Il a bien voulu transgresser les canons classiques de la peinture figurative pour int\u00e9grer un espace d\u2019expression plastique plus vaste et \u00e9loquent, celui de cr\u00e9ation merveilleuse et magico-po\u00e9tique en g\u00e9n\u00e9ral\u00a0\u00bb, a conclu Moutaki.<\/p>\n<\/div>\n<p>Auteur: Meriem IGASS<br \/>\n<a href=\"http:\/\/www.mapmarrakech.ma\/fr\/pleins-feux-a-essaouira-sur-les-oeuvres-artistiques-dabdellah-oulamine\/\">Cliquez ici pour lire l&rsquo;article depuis sa source.<\/a><\/p>\n","protected":false},"excerpt":{"rendered":"<p>Essaouira \u2013 Le vernissage d\u2019une exposition d\u2019oeuvres artistiques singuli\u00e8res d\u2019Abdellah Oulamine a eu lieu mardi soir \u00e0 Essaouira, en pr\u00e9sence d\u2019un parterre d\u2019artistes peintres, d\u2019intellectuels et d\u2019acteurs associatifs. Visible aux cimaises de l\u2019espace de Dar Souiri, cette exposition, plac\u00e9e sous le signe \u00a0\u00bbR\u00eave et Lumi\u00e8re\u00a0\u00bb, s\u2019inscrit dans le cadre des activit\u00e9s mensuelles de l\u2019Association Essaouira-Mogador [&hellip;]<\/p>\n","protected":false},"author":1788,"featured_media":0,"comment_status":"closed","ping_status":"closed","sticky":false,"template":"","format":"standard","meta":{"fifu_image_url":"","fifu_image_alt":"","footnotes":""},"categories":[54,76],"tags":[],"class_list":["post-25646","post","type-post","status-publish","format-standard","hentry","category-maroc","category-regions"],"_links":{"self":[{"href":"https:\/\/linitiative.ca\/International\/wp-json\/wp\/v2\/posts\/25646","targetHints":{"allow":["GET"]}}],"collection":[{"href":"https:\/\/linitiative.ca\/International\/wp-json\/wp\/v2\/posts"}],"about":[{"href":"https:\/\/linitiative.ca\/International\/wp-json\/wp\/v2\/types\/post"}],"author":[{"embeddable":true,"href":"https:\/\/linitiative.ca\/International\/wp-json\/wp\/v2\/users\/1788"}],"replies":[{"embeddable":true,"href":"https:\/\/linitiative.ca\/International\/wp-json\/wp\/v2\/comments?post=25646"}],"version-history":[{"count":0,"href":"https:\/\/linitiative.ca\/International\/wp-json\/wp\/v2\/posts\/25646\/revisions"}],"wp:attachment":[{"href":"https:\/\/linitiative.ca\/International\/wp-json\/wp\/v2\/media?parent=25646"}],"wp:term":[{"taxonomy":"category","embeddable":true,"href":"https:\/\/linitiative.ca\/International\/wp-json\/wp\/v2\/categories?post=25646"},{"taxonomy":"post_tag","embeddable":true,"href":"https:\/\/linitiative.ca\/International\/wp-json\/wp\/v2\/tags?post=25646"}],"curies":[{"name":"wp","href":"https:\/\/api.w.org\/{rel}","templated":true}]}}