{"id":25663,"date":"2019-04-03T15:14:44","date_gmt":"2019-04-03T19:14:44","guid":{"rendered":"https:\/\/linitiative.ca\/International\/international-man-city-mendy-refait-parler-de-lui-au-grand-dam-de-guardiola\/"},"modified":"2019-04-03T15:14:44","modified_gmt":"2019-04-03T19:14:44","slug":"international-man-city-mendy-refait-parler-de-lui-au-grand-dam-de-guardiola","status":"publish","type":"post","link":"https:\/\/linitiative.ca\/International\/international-man-city-mendy-refait-parler-de-lui-au-grand-dam-de-guardiola\/","title":{"rendered":"International : Man City : Mendy refait parler de lui au grand dam de Guardiola"},"content":{"rendered":"<div readability=\"32\">\n<p>Auteur : <span class=\"time\">mercredi 03 avril 2019 12:24<\/span><\/p>\n<\/div>\n<div id=\"post_core\" readability=\"56\">\n<p>Une vid\u00e9o de Benjamin Mendy en bo\u00eete de nuit d\u00e9voil\u00e9e par la presse anglaise relance le d\u00e9bat sur l&rsquo;hygi\u00e8ne de vie de l&rsquo;international fran\u00e7ais. On le voit ainsi \u00e0 3h30 du matin samedi dernier, alors qu\u2019il n\u2019avait pas \u00e9t\u00e9 retenu dans le groupe citizen qui devait affronter Fulham en championnat.<\/p>\n<p>Comme l&rsquo;indique Footmercato, hier en fin de journ\u00e9e, Pep Guardiola a \u00e9t\u00e9 invit\u00e9 \u00e0 commenter ce nouvel \u00e9pisode, alors que Manchester City affronte Cardiff ce mercredi et que Benjamin Mendy est annonc\u00e9 comme apte. \u00ab\u00a0Les joueurs sont assez vieux pour savoir ce qu\u2019ils doivent faire\u00a0\u00bb, a d\u2019abord lanc\u00e9 Guardiola, avant de responsabiliser Mendy. \u00ab\u00a0Je ne suis pas son p\u00e8re. Je pr\u00e9f\u00e9rerais qu\u2019il se couche plus t\u00f4t mais je ne contr\u00f4le pas les joueurs dans ce genre de situation\u00a0\u00bb.<\/p>\n<p>L\u2019entra\u00eeneur espagnol n\u2019a cependant pas voulu pol\u00e9miquer sur le sujet. Lorsqu\u2019il lui a \u00e9t\u00e9 demand\u00e9 si le comportement de Mendy l\u2019exasp\u00e9rait, il a r\u00e9pondu\u00a0: \u00ab\u00a0Non, je suis une personne relax. Peut-\u00eatre que cela ne se voit pas, mais je dors tr\u00e8s bien la nuit\u00a0!\u00a0\u00bb Des propos relay\u00e9s par Footmercato.<\/p>\n<p><strong>Publi\u00e9 dans :<\/strong> <span>Manchester City<\/span><\/p>\n<\/div>\n<p>Auteur:<br \/>\n<a href=\"http:\/\/www.lebuteur.com\/article\/detail?titre=man-city-mendy-refait-parler-de-lui-au-grand-dam-de-guardiola&#038;id=87688&#038;utm_source=feedburner&#038;utm_medium=feed&#038;utm_campaign=Feed%3A+GalerieFArtciles+%28Les+derniers+articles++-+lebuteur.com%29\">Cliquez ici pour lire l&rsquo;article depuis sa source.<\/a><\/p>\n","protected":false},"excerpt":{"rendered":"<p>Auteur : mercredi 03 avril 2019 12:24 Une vid\u00e9o de Benjamin Mendy en bo\u00eete de nuit d\u00e9voil\u00e9e par la presse anglaise relance le d\u00e9bat sur l&rsquo;hygi\u00e8ne de vie de l&rsquo;international fran\u00e7ais. On le voit ainsi \u00e0 3h30 du matin samedi dernier, alors qu\u2019il n\u2019avait pas \u00e9t\u00e9 retenu dans le groupe citizen qui devait affronter Fulham [&hellip;]<\/p>\n","protected":false},"author":1738,"featured_media":25664,"comment_status":"closed","ping_status":"closed","sticky":false,"template":"","format":"standard","meta":{"fifu_image_url":"","fifu_image_alt":"","footnotes":""},"categories":[53,75],"tags":[],"class_list":["post-25663","post","type-post","status-publish","format-standard","has-post-thumbnail","hentry","category-algerie","category-sport"],"_links":{"self":[{"href":"https:\/\/linitiative.ca\/International\/wp-json\/wp\/v2\/posts\/25663","targetHints":{"allow":["GET"]}}],"collection":[{"href":"https:\/\/linitiative.ca\/International\/wp-json\/wp\/v2\/posts"}],"about":[{"href":"https:\/\/linitiative.ca\/International\/wp-json\/wp\/v2\/types\/post"}],"author":[{"embeddable":true,"href":"https:\/\/linitiative.ca\/International\/wp-json\/wp\/v2\/users\/1738"}],"replies":[{"embeddable":true,"href":"https:\/\/linitiative.ca\/International\/wp-json\/wp\/v2\/comments?post=25663"}],"version-history":[{"count":0,"href":"https:\/\/linitiative.ca\/International\/wp-json\/wp\/v2\/posts\/25663\/revisions"}],"wp:featuredmedia":[{"embeddable":true,"href":"https:\/\/linitiative.ca\/International\/wp-json\/"}],"wp:attachment":[{"href":"https:\/\/linitiative.ca\/International\/wp-json\/wp\/v2\/media?parent=25663"}],"wp:term":[{"taxonomy":"category","embeddable":true,"href":"https:\/\/linitiative.ca\/International\/wp-json\/wp\/v2\/categories?post=25663"},{"taxonomy":"post_tag","embeddable":true,"href":"https:\/\/linitiative.ca\/International\/wp-json\/wp\/v2\/tags?post=25663"}],"curies":[{"name":"wp","href":"https:\/\/api.w.org\/{rel}","templated":true}]}}